{"id":1296,"date":"2019-12-28T13:17:56","date_gmt":"2019-12-28T19:17:56","guid":{"rendered":"http:\/\/elinformativotam.com\/?p=1296"},"modified":"2019-12-28T13:17:56","modified_gmt":"2019-12-28T19:17:56","slug":"adrian-oseguera-trabaja-por-el-bienestar-de-los-maderenses","status":"publish","type":"post","link":"https:\/\/elinformativotam.com\/index.php\/2019\/12\/28\/adrian-oseguera-trabaja-por-el-bienestar-de-los-maderenses\/","title":{"rendered":"ADRI\u00c1N OSEGUERA TRABAJA POR EL BIENESTAR DE LOS MADERENSES"},"content":{"rendered":"<h3><em><strong>* El Alcalde Llamo A Redoblar Esfuerzos Este 2020, Para Combatir El Rezago Social En Las Colonias Con Mayor \u00cdndice De Pobreza<\/strong><\/em><\/h3>\n<p>&nbsp;<\/p>\n<p>Con un Cabildo s\u00f3lido y comprometido con el bienestar de los maderenses, el alcalde Adri\u00e1n Oseguera Kernion, asegur\u00f3 que es como se construyen las bases de un municipio fuerte que a pasos acelerados, seguir\u00e1 atendiendo las demandas de la ciudadan\u00eda durante el 2020.<\/p>\n<p>&nbsp;<\/p>\n<p>Lo anterior fue referido durante un recorrido por diferentes colonias con mayor \u00edndice de rezago social, donde el Presidente Municipal, reiter\u00f3 su compromiso de redoblar esfuerzos en el 2020, junto a s\u00edndicos, regidores, y directores municipales, sobre todo, por la poblaci\u00f3n m\u00e1s vulnerable de Ciudad Madero.<\/p>\n<p>&nbsp;<\/p>\n<p>\u201cEstoy muy contento porque los s\u00edndicos, regidores y directores siempre me acompa\u00f1an y est\u00e1n atendiendo las peticiones de todos los vecinos en cada una de las colonias que recorremos, y eso habla bien de ellos, no se sientan en sus escritorios esperando a que el ciudadano llegue, ellos van a gestionar a las casas, a las colonias, a empolvarse y mojarse como todos los maderenses\u201d, asegur\u00f3 Oseguera Kernion.<\/p>\n<p>&nbsp;<\/p>\n<p>En este tenor, puntualiz\u00f3 que ha girado instrucciones a la Direcci\u00f3n de Obras P\u00fablicas as\u00ed como a la Direcci\u00f3n de Servicios P\u00fablicos, de redoblar esfuerzos este a\u00f1o, para combatir el rezago social en las colonias con mayor \u00edndice de pobreza.<\/p>\n<p>&nbsp;<\/p>\n<p>\u201cEstamos trabajando bien y resolviendo la problem\u00e1tica que tenemos en muchas colonias, y as\u00ed vamos a seguir todos los d\u00edas, escuchando las necesidades de la gente para buscar la manera de resolverlo de inmediato. En mi Gobierno no le damos la espalda al problema, le hacemos frente con humildad y muchas ganas de trabajar y sacar a ciudad Madero adelante\u201d, finaliz\u00f3 el mun\u00edcipe.<\/p>\n","protected":false},"excerpt":{"rendered":"<p>* El Alcalde Llamo A Redoblar Esfuerzos Este 2020, Para Combatir El Rezago Social En Las Colonias Con Mayor \u00cdndice&hellip;<\/p>\n","protected":false},"author":1,"featured_media":0,"comment_status":"open","ping_status":"open","sticky":false,"template":"","format":"standard","meta":{"footnotes":""},"categories":[4],"tags":[],"class_list":["post-1296","post","type-post","status-publish","format-standard","hentry","category-madero"],"yoast_head":"<!-- This site is optimized with the Yoast SEO plugin v27.5 - https:\/\/yoast.com\/product\/yoast-seo-wordpress\/ -->\n<title>ADRI\u00c1N OSEGUERA TRABAJA POR EL BIENESTAR DE LOS MADERENSES - EL INFORMATIVO DE TAMAULIPAS<\/title>\n<meta name=\"description\" content=\"* El Alcalde Llamo A Redoblar Esfuerzos Este 2020, Para Combatir El Rezago Social En Las Colonias Con Mayor \u00cdndice De Pobreza &nbsp; Con un Cabildo s\u00f3lido\" \/>\n<meta name=\"robots\" content=\"index, follow, max-snippet:-1, max-image-preview:large, max-video-preview:-1\" \/>\n<link rel=\"canonical\" href=\"https:\/\/elinformativotam.com\/index.php\/2019\/12\/28\/adrian-oseguera-trabaja-por-el-bienestar-de-los-maderenses\/\" \/>\n<meta property=\"og:locale\" content=\"es_MX\" \/>\n<meta property=\"og:type\" content=\"article\" \/>\n<meta property=\"og:title\" content=\"ADRI\u00c1N OSEGUERA TRABAJA POR EL BIENESTAR DE LOS MADERENSES - EL INFORMATIVO DE TAMAULIPAS\" \/>\n<meta property=\"og:description\" content=\"* El Alcalde Llamo A Redoblar Esfuerzos Este 2020, Para Combatir El Rezago Social En Las Colonias Con Mayor \u00cdndice De Pobreza &nbsp; Con un Cabildo s\u00f3lido\" \/>\n<meta property=\"og:url\" content=\"https:\/\/elinformativotam.com\/index.php\/2019\/12\/28\/adrian-oseguera-trabaja-por-el-bienestar-de-los-maderenses\/\" \/>\n<meta property=\"og:site_name\" content=\"EL INFORMATIVO DE TAMAULIPAS\" \/>\n<meta property=\"article:published_time\" content=\"2019-12-28T19:17:56+00:00\" \/>\n<meta name=\"author\" content=\"El Informativo Tam\" \/>\n<meta name=\"twitter:card\" content=\"summary_large_image\" \/>\n<meta name=\"twitter:label1\" content=\"Escrito por\" \/>\n\t<meta name=\"twitter:data1\" content=\"El Informativo Tam\" \/>\n\t<meta name=\"twitter:label2\" content=\"Tiempo de lectura\" \/>\n\t<meta name=\"twitter:data2\" content=\"2 minutos\" \/>\n<script type=\"application\/ld+json\" class=\"yoast-schema-graph\">{\"@context\":\"https:\\\/\\\/schema.org\",\"@graph\":[{\"@type\":\"Article\",\"@id\":\"https:\\\/\\\/elinformativotam.com\\\/index.php\\\/2019\\\/12\\\/28\\\/adrian-oseguera-trabaja-por-el-bienestar-de-los-maderenses\\\/#article\",\"isPartOf\":{\"@id\":\"https:\\\/\\\/elinformativotam.com\\\/index.php\\\/2019\\\/12\\\/28\\\/adrian-oseguera-trabaja-por-el-bienestar-de-los-maderenses\\\/\"},\"author\":{\"name\":\"El Informativo Tam\",\"@id\":\"https:\\\/\\\/elinformativotam.com\\\/#\\\/schema\\\/person\\\/78e08040eed0f6110f0c5f83b6153590\"},\"headline\":\"ADRI\u00c1N OSEGUERA TRABAJA POR EL BIENESTAR DE LOS MADERENSES\",\"datePublished\":\"2019-12-28T19:17:56+00:00\",\"mainEntityOfPage\":{\"@id\":\"https:\\\/\\\/elinformativotam.com\\\/index.php\\\/2019\\\/12\\\/28\\\/adrian-oseguera-trabaja-por-el-bienestar-de-los-maderenses\\\/\"},\"wordCount\":310,\"commentCount\":0,\"publisher\":{\"@id\":\"https:\\\/\\\/elinformativotam.com\\\/#organization\"},\"articleSection\":[\"Cd Madero\"],\"inLanguage\":\"es\",\"potentialAction\":[{\"@type\":\"CommentAction\",\"name\":\"Comment\",\"target\":[\"https:\\\/\\\/elinformativotam.com\\\/index.php\\\/2019\\\/12\\\/28\\\/adrian-oseguera-trabaja-por-el-bienestar-de-los-maderenses\\\/#respond\"]}]},{\"@type\":\"WebPage\",\"@id\":\"https:\\\/\\\/elinformativotam.com\\\/index.php\\\/2019\\\/12\\\/28\\\/adrian-oseguera-trabaja-por-el-bienestar-de-los-maderenses\\\/\",\"url\":\"https:\\\/\\\/elinformativotam.com\\\/index.php\\\/2019\\\/12\\\/28\\\/adrian-oseguera-trabaja-por-el-bienestar-de-los-maderenses\\\/\",\"name\":\"ADRI\u00c1N OSEGUERA TRABAJA POR EL BIENESTAR DE LOS MADERENSES - EL INFORMATIVO DE TAMAULIPAS\",\"isPartOf\":{\"@id\":\"https:\\\/\\\/elinformativotam.com\\\/#website\"},\"datePublished\":\"2019-12-28T19:17:56+00:00\",\"description\":\"* El Alcalde Llamo A Redoblar Esfuerzos Este 2020, Para Combatir El Rezago Social En Las Colonias Con Mayor \u00cdndice De Pobreza &nbsp; Con un Cabildo s\u00f3lido\",\"inLanguage\":\"es\",\"potentialAction\":[{\"@type\":\"ReadAction\",\"target\":[\"https:\\\/\\\/elinformativotam.com\\\/index.php\\\/2019\\\/12\\\/28\\\/adrian-oseguera-trabaja-por-el-bienestar-de-los-maderenses\\\/\"]}]},{\"@type\":\"WebSite\",\"@id\":\"https:\\\/\\\/elinformativotam.com\\\/#website\",\"url\":\"https:\\\/\\\/elinformativotam.com\\\/\",\"name\":\"EL INFORMATIVO DE TAMAULIPAS\",\"description\":\"Desde la Zona Metropolitana Para Todo M\u00e9xico\",\"publisher\":{\"@id\":\"https:\\\/\\\/elinformativotam.com\\\/#organization\"},\"potentialAction\":[{\"@type\":\"SearchAction\",\"target\":{\"@type\":\"EntryPoint\",\"urlTemplate\":\"https:\\\/\\\/elinformativotam.com\\\/?s={search_term_string}\"},\"query-input\":{\"@type\":\"PropertyValueSpecification\",\"valueRequired\":true,\"valueName\":\"search_term_string\"}}],\"inLanguage\":\"es\"},{\"@type\":\"Organization\",\"@id\":\"https:\\\/\\\/elinformativotam.com\\\/#organization\",\"name\":\"EL INFORMATIVO DE TAMAULIPAS\",\"url\":\"https:\\\/\\\/elinformativotam.com\\\/\",\"logo\":{\"@type\":\"ImageObject\",\"inLanguage\":\"es\",\"@id\":\"https:\\\/\\\/elinformativotam.com\\\/#\\\/schema\\\/logo\\\/image\\\/\",\"url\":\"https:\\\/\\\/elinformativotam.com\\\/wp-content\\\/uploads\\\/2026\\\/02\\\/Cabezal.png\",\"contentUrl\":\"https:\\\/\\\/elinformativotam.com\\\/wp-content\\\/uploads\\\/2026\\\/02\\\/Cabezal.png\",\"width\":960,\"height\":640,\"caption\":\"EL INFORMATIVO DE TAMAULIPAS\"},\"image\":{\"@id\":\"https:\\\/\\\/elinformativotam.com\\\/#\\\/schema\\\/logo\\\/image\\\/\"}},{\"@type\":\"Person\",\"@id\":\"https:\\\/\\\/elinformativotam.com\\\/#\\\/schema\\\/person\\\/78e08040eed0f6110f0c5f83b6153590\",\"name\":\"El Informativo Tam\",\"image\":{\"@type\":\"ImageObject\",\"inLanguage\":\"es\",\"@id\":\"https:\\\/\\\/secure.gravatar.com\\\/avatar\\\/f3b7ad3af540688955925ac610647be00b0cf41feea9c4978b73a707ee86bc53?s=96&d=mm&r=g\",\"url\":\"https:\\\/\\\/secure.gravatar.com\\\/avatar\\\/f3b7ad3af540688955925ac610647be00b0cf41feea9c4978b73a707ee86bc53?s=96&d=mm&r=g\",\"contentUrl\":\"https:\\\/\\\/secure.gravatar.com\\\/avatar\\\/f3b7ad3af540688955925ac610647be00b0cf41feea9c4978b73a707ee86bc53?s=96&d=mm&r=g\",\"caption\":\"El Informativo Tam\"}}]}<\/script>\n<!-- \/ Yoast SEO plugin. -->","yoast_head_json":{"title":"ADRI\u00c1N OSEGUERA TRABAJA POR EL BIENESTAR DE LOS MADERENSES - EL INFORMATIVO DE TAMAULIPAS","description":"* El Alcalde Llamo A Redoblar Esfuerzos Este 2020, Para Combatir El Rezago Social En Las Colonias Con Mayor \u00cdndice De Pobreza &nbsp; Con un Cabildo s\u00f3lido","robots":{"index":"index","follow":"follow","max-snippet":"max-snippet:-1","max-image-preview":"max-image-preview:large","max-video-preview":"max-video-preview:-1"},"canonical":"https:\/\/elinformativotam.com\/index.php\/2019\/12\/28\/adrian-oseguera-trabaja-por-el-bienestar-de-los-maderenses\/","og_locale":"es_MX","og_type":"article","og_title":"ADRI\u00c1N OSEGUERA TRABAJA POR EL BIENESTAR DE LOS MADERENSES - EL INFORMATIVO DE TAMAULIPAS","og_description":"* El Alcalde Llamo A Redoblar Esfuerzos Este 2020, Para Combatir El Rezago Social En Las Colonias Con Mayor \u00cdndice De Pobreza &nbsp; Con un Cabildo s\u00f3lido","og_url":"https:\/\/elinformativotam.com\/index.php\/2019\/12\/28\/adrian-oseguera-trabaja-por-el-bienestar-de-los-maderenses\/","og_site_name":"EL INFORMATIVO DE TAMAULIPAS","article_published_time":"2019-12-28T19:17:56+00:00","author":"El Informativo Tam","twitter_card":"summary_large_image","twitter_misc":{"Escrito por":"El Informativo Tam","Tiempo de lectura":"2 minutos"},"schema":{"@context":"https:\/\/schema.org","@graph":[{"@type":"Article","@id":"https:\/\/elinformativotam.com\/index.php\/2019\/12\/28\/adrian-oseguera-trabaja-por-el-bienestar-de-los-maderenses\/#article","isPartOf":{"@id":"https:\/\/elinformativotam.com\/index.php\/2019\/12\/28\/adrian-oseguera-trabaja-por-el-bienestar-de-los-maderenses\/"},"author":{"name":"El Informativo Tam","@id":"https:\/\/elinformativotam.com\/#\/schema\/person\/78e08040eed0f6110f0c5f83b6153590"},"headline":"ADRI\u00c1N OSEGUERA TRABAJA POR EL BIENESTAR DE LOS MADERENSES","datePublished":"2019-12-28T19:17:56+00:00","mainEntityOfPage":{"@id":"https:\/\/elinformativotam.com\/index.php\/2019\/12\/28\/adrian-oseguera-trabaja-por-el-bienestar-de-los-maderenses\/"},"wordCount":310,"commentCount":0,"publisher":{"@id":"https:\/\/elinformativotam.com\/#organization"},"articleSection":["Cd Madero"],"inLanguage":"es","potentialAction":[{"@type":"CommentAction","name":"Comment","target":["https:\/\/elinformativotam.com\/index.php\/2019\/12\/28\/adrian-oseguera-trabaja-por-el-bienestar-de-los-maderenses\/#respond"]}]},{"@type":"WebPage","@id":"https:\/\/elinformativotam.com\/index.php\/2019\/12\/28\/adrian-oseguera-trabaja-por-el-bienestar-de-los-maderenses\/","url":"https:\/\/elinformativotam.com\/index.php\/2019\/12\/28\/adrian-oseguera-trabaja-por-el-bienestar-de-los-maderenses\/","name":"ADRI\u00c1N OSEGUERA TRABAJA POR EL BIENESTAR DE LOS MADERENSES - EL INFORMATIVO DE TAMAULIPAS","isPartOf":{"@id":"https:\/\/elinformativotam.com\/#website"},"datePublished":"2019-12-28T19:17:56+00:00","description":"* El Alcalde Llamo A Redoblar Esfuerzos Este 2020, Para Combatir El Rezago Social En Las Colonias Con Mayor \u00cdndice De Pobreza &nbsp; Con un Cabildo s\u00f3lido","inLanguage":"es","potentialAction":[{"@type":"ReadAction","target":["https:\/\/elinformativotam.com\/index.php\/2019\/12\/28\/adrian-oseguera-trabaja-por-el-bienestar-de-los-maderenses\/"]}]},{"@type":"WebSite","@id":"https:\/\/elinformativotam.com\/#website","url":"https:\/\/elinformativotam.com\/","name":"EL INFORMATIVO DE TAMAULIPAS","description":"Desde la Zona Metropolitana Para Todo M\u00e9xico","publisher":{"@id":"https:\/\/elinformativotam.com\/#organization"},"potentialAction":[{"@type":"SearchAction","target":{"@type":"EntryPoint","urlTemplate":"https:\/\/elinformativotam.com\/?s={search_term_string}"},"query-input":{"@type":"PropertyValueSpecification","valueRequired":true,"valueName":"search_term_string"}}],"inLanguage":"es"},{"@type":"Organization","@id":"https:\/\/elinformativotam.com\/#organization","name":"EL INFORMATIVO DE TAMAULIPAS","url":"https:\/\/elinformativotam.com\/","logo":{"@type":"ImageObject","inLanguage":"es","@id":"https:\/\/elinformativotam.com\/#\/schema\/logo\/image\/","url":"https:\/\/elinformativotam.com\/wp-content\/uploads\/2026\/02\/Cabezal.png","contentUrl":"https:\/\/elinformativotam.com\/wp-content\/uploads\/2026\/02\/Cabezal.png","width":960,"height":640,"caption":"EL INFORMATIVO DE TAMAULIPAS"},"image":{"@id":"https:\/\/elinformativotam.com\/#\/schema\/logo\/image\/"}},{"@type":"Person","@id":"https:\/\/elinformativotam.com\/#\/schema\/person\/78e08040eed0f6110f0c5f83b6153590","name":"El Informativo Tam","image":{"@type":"ImageObject","inLanguage":"es","@id":"https:\/\/secure.gravatar.com\/avatar\/f3b7ad3af540688955925ac610647be00b0cf41feea9c4978b73a707ee86bc53?s=96&d=mm&r=g","url":"https:\/\/secure.gravatar.com\/avatar\/f3b7ad3af540688955925ac610647be00b0cf41feea9c4978b73a707ee86bc53?s=96&d=mm&r=g","contentUrl":"https:\/\/secure.gravatar.com\/avatar\/f3b7ad3af540688955925ac610647be00b0cf41feea9c4978b73a707ee86bc53?s=96&d=mm&r=g","caption":"El Informativo Tam"}}]}},"_links":{"self":[{"href":"https:\/\/elinformativotam.com\/index.php\/wp-json\/wp\/v2\/posts\/1296","targetHints":{"allow":["GET"]}}],"collection":[{"href":"https:\/\/elinformativotam.com\/index.php\/wp-json\/wp\/v2\/posts"}],"about":[{"href":"https:\/\/elinformativotam.com\/index.php\/wp-json\/wp\/v2\/types\/post"}],"author":[{"embeddable":true,"href":"https:\/\/elinformativotam.com\/index.php\/wp-json\/wp\/v2\/users\/1"}],"replies":[{"embeddable":true,"href":"https:\/\/elinformativotam.com\/index.php\/wp-json\/wp\/v2\/comments?post=1296"}],"version-history":[{"count":0,"href":"https:\/\/elinformativotam.com\/index.php\/wp-json\/wp\/v2\/posts\/1296\/revisions"}],"wp:attachment":[{"href":"https:\/\/elinformativotam.com\/index.php\/wp-json\/wp\/v2\/media?parent=1296"}],"wp:term":[{"taxonomy":"category","embeddable":true,"href":"https:\/\/elinformativotam.com\/index.php\/wp-json\/wp\/v2\/categories?post=1296"},{"taxonomy":"post_tag","embeddable":true,"href":"https:\/\/elinformativotam.com\/index.php\/wp-json\/wp\/v2\/tags?post=1296"}],"curies":[{"name":"wp","href":"https:\/\/api.w.org\/{rel}","templated":true}]}}