{"id":119,"date":"2019-10-06T17:20:58","date_gmt":"2019-10-06T23:20:58","guid":{"rendered":"http:\/\/elinformativotam.com\/?p=119"},"modified":"2019-10-06T17:20:59","modified_gmt":"2019-10-06T23:20:59","slug":"en-el-aire-proyecto-del-dren-aldama","status":"publish","type":"post","link":"https:\/\/elinformativotam.com\/index.php\/2019\/10\/06\/en-el-aire-proyecto-del-dren-aldama\/","title":{"rendered":"En el Aire Proyecto del Dren Aldama"},"content":{"rendered":"\n<p>La comuna porte\u00f1a present\u00f3 ante\ndiversas instancias federales el proyecto del dren de la calle Aldama por el\nriesgo de inundaci\u00f3n que afecta a los residentes del lugar, dado que las\nintensas lluvias incrementan el peligro de afectaciones.<\/p>\n\n\n\n<p>En ese sentido, el secretario de\nObras P\u00fablicas en Tampico, Pedro Pablo Rangel Cerrillo, se\u00f1al\u00f3 que toda la\nparte t\u00e9cnica est\u00e1 lista empero falta que la Federaci\u00f3n tome en cuenta el\nproyecto y apoye para realizarlo.<\/p>\n\n\n\n<p>Explic\u00f3 que diversas dificultades\nhan postergado por 17 a\u00f1os el proyecto del dren pluvial en la calle Aldama de\nla colonia Tamaulipas, lim\u00edtrofe entre Tampico y Madero, sin embargo conf\u00eda en\nque para el 2020 podr\u00edan tenerse los recursos para llevarlo a cabo.<\/p>\n\n\n\n<p>Rangel Cerrillo, secretario de\nObras P\u00fablicas en Tampico, se\u00f1al\u00f3 que se tiene un gran avance en las gestiones\ntanto con la comuna de Madero, APITam, la empresa ferroviaria y otra que tiene\nconcesionado el frente de r\u00edo.<\/p>\n\n\n\n<p>\u201cYa tenemos muy avanzadas las\npl\u00e1ticas, ahora lo que nos hace falta es el dinero, son cerca o m\u00e1s de ochenta\nmillones de pesos que involucran varias acciones, es un dren muy largo y que\nrequiere de varias acciones\u201d, cit\u00f3 el funcionario.<\/p>\n","protected":false},"excerpt":{"rendered":"<p>La comuna porte\u00f1a present\u00f3 ante diversas instancias federales el proyecto del dren de la calle Aldama por el riesgo de&hellip;<\/p>\n","protected":false},"author":1,"featured_media":0,"comment_status":"open","ping_status":"open","sticky":false,"template":"","format":"standard","meta":{"footnotes":""},"categories":[6],"tags":[],"class_list":["post-119","post","type-post","status-publish","format-standard","hentry","category-tamaulipas"],"yoast_head":"<!-- This site is optimized with the Yoast SEO plugin v27.5 - https:\/\/yoast.com\/product\/yoast-seo-wordpress\/ -->\n<title>En el Aire Proyecto del Dren Aldama - EL INFORMATIVO DE TAMAULIPAS<\/title>\n<meta name=\"description\" content=\"La comuna porte\u00f1a present\u00f3 ante diversas instancias federales el proyecto del dren de la calle Aldama por el riesgo de inundaci\u00f3n que afecta a los\" \/>\n<meta name=\"robots\" content=\"index, follow, max-snippet:-1, max-image-preview:large, max-video-preview:-1\" \/>\n<link rel=\"canonical\" href=\"https:\/\/elinformativotam.com\/index.php\/2019\/10\/06\/en-el-aire-proyecto-del-dren-aldama\/\" \/>\n<meta property=\"og:locale\" content=\"es_MX\" \/>\n<meta property=\"og:type\" content=\"article\" \/>\n<meta property=\"og:title\" content=\"En el Aire Proyecto del Dren Aldama - EL INFORMATIVO DE TAMAULIPAS\" \/>\n<meta property=\"og:description\" content=\"La comuna porte\u00f1a present\u00f3 ante diversas instancias federales el proyecto del dren de la calle Aldama por el riesgo de inundaci\u00f3n que afecta a los\" \/>\n<meta property=\"og:url\" content=\"https:\/\/elinformativotam.com\/index.php\/2019\/10\/06\/en-el-aire-proyecto-del-dren-aldama\/\" \/>\n<meta property=\"og:site_name\" content=\"EL INFORMATIVO DE TAMAULIPAS\" \/>\n<meta property=\"article:published_time\" content=\"2019-10-06T23:20:58+00:00\" \/>\n<meta property=\"article:modified_time\" content=\"2019-10-06T23:20:59+00:00\" \/>\n<meta name=\"author\" content=\"El Informativo Tam\" \/>\n<meta name=\"twitter:card\" content=\"summary_large_image\" \/>\n<meta name=\"twitter:label1\" content=\"Escrito por\" \/>\n\t<meta name=\"twitter:data1\" content=\"El Informativo Tam\" \/>\n\t<meta name=\"twitter:label2\" content=\"Tiempo de lectura\" \/>\n\t<meta name=\"twitter:data2\" content=\"1 minuto\" \/>\n<script type=\"application\/ld+json\" class=\"yoast-schema-graph\">{\"@context\":\"https:\\\/\\\/schema.org\",\"@graph\":[{\"@type\":\"Article\",\"@id\":\"https:\\\/\\\/elinformativotam.com\\\/index.php\\\/2019\\\/10\\\/06\\\/en-el-aire-proyecto-del-dren-aldama\\\/#article\",\"isPartOf\":{\"@id\":\"https:\\\/\\\/elinformativotam.com\\\/index.php\\\/2019\\\/10\\\/06\\\/en-el-aire-proyecto-del-dren-aldama\\\/\"},\"author\":{\"name\":\"El Informativo Tam\",\"@id\":\"https:\\\/\\\/elinformativotam.com\\\/#\\\/schema\\\/person\\\/78e08040eed0f6110f0c5f83b6153590\"},\"headline\":\"En el Aire Proyecto del Dren Aldama\",\"datePublished\":\"2019-10-06T23:20:58+00:00\",\"dateModified\":\"2019-10-06T23:20:59+00:00\",\"mainEntityOfPage\":{\"@id\":\"https:\\\/\\\/elinformativotam.com\\\/index.php\\\/2019\\\/10\\\/06\\\/en-el-aire-proyecto-del-dren-aldama\\\/\"},\"wordCount\":216,\"commentCount\":0,\"publisher\":{\"@id\":\"https:\\\/\\\/elinformativotam.com\\\/#organization\"},\"articleSection\":[\"Tamaulipas\"],\"inLanguage\":\"es\",\"potentialAction\":[{\"@type\":\"CommentAction\",\"name\":\"Comment\",\"target\":[\"https:\\\/\\\/elinformativotam.com\\\/index.php\\\/2019\\\/10\\\/06\\\/en-el-aire-proyecto-del-dren-aldama\\\/#respond\"]}]},{\"@type\":\"WebPage\",\"@id\":\"https:\\\/\\\/elinformativotam.com\\\/index.php\\\/2019\\\/10\\\/06\\\/en-el-aire-proyecto-del-dren-aldama\\\/\",\"url\":\"https:\\\/\\\/elinformativotam.com\\\/index.php\\\/2019\\\/10\\\/06\\\/en-el-aire-proyecto-del-dren-aldama\\\/\",\"name\":\"En el Aire Proyecto del Dren Aldama - EL INFORMATIVO DE TAMAULIPAS\",\"isPartOf\":{\"@id\":\"https:\\\/\\\/elinformativotam.com\\\/#website\"},\"datePublished\":\"2019-10-06T23:20:58+00:00\",\"dateModified\":\"2019-10-06T23:20:59+00:00\",\"description\":\"La comuna porte\u00f1a present\u00f3 ante diversas instancias federales el proyecto del dren de la calle Aldama por el riesgo de inundaci\u00f3n que afecta a los\",\"inLanguage\":\"es\",\"potentialAction\":[{\"@type\":\"ReadAction\",\"target\":[\"https:\\\/\\\/elinformativotam.com\\\/index.php\\\/2019\\\/10\\\/06\\\/en-el-aire-proyecto-del-dren-aldama\\\/\"]}]},{\"@type\":\"WebSite\",\"@id\":\"https:\\\/\\\/elinformativotam.com\\\/#website\",\"url\":\"https:\\\/\\\/elinformativotam.com\\\/\",\"name\":\"EL INFORMATIVO DE TAMAULIPAS\",\"description\":\"Desde la Zona Metropolitana Para Todo M\u00e9xico\",\"publisher\":{\"@id\":\"https:\\\/\\\/elinformativotam.com\\\/#organization\"},\"potentialAction\":[{\"@type\":\"SearchAction\",\"target\":{\"@type\":\"EntryPoint\",\"urlTemplate\":\"https:\\\/\\\/elinformativotam.com\\\/?s={search_term_string}\"},\"query-input\":{\"@type\":\"PropertyValueSpecification\",\"valueRequired\":true,\"valueName\":\"search_term_string\"}}],\"inLanguage\":\"es\"},{\"@type\":\"Organization\",\"@id\":\"https:\\\/\\\/elinformativotam.com\\\/#organization\",\"name\":\"EL INFORMATIVO DE TAMAULIPAS\",\"url\":\"https:\\\/\\\/elinformativotam.com\\\/\",\"logo\":{\"@type\":\"ImageObject\",\"inLanguage\":\"es\",\"@id\":\"https:\\\/\\\/elinformativotam.com\\\/#\\\/schema\\\/logo\\\/image\\\/\",\"url\":\"https:\\\/\\\/elinformativotam.com\\\/wp-content\\\/uploads\\\/2026\\\/02\\\/Cabezal.png\",\"contentUrl\":\"https:\\\/\\\/elinformativotam.com\\\/wp-content\\\/uploads\\\/2026\\\/02\\\/Cabezal.png\",\"width\":960,\"height\":640,\"caption\":\"EL INFORMATIVO DE TAMAULIPAS\"},\"image\":{\"@id\":\"https:\\\/\\\/elinformativotam.com\\\/#\\\/schema\\\/logo\\\/image\\\/\"}},{\"@type\":\"Person\",\"@id\":\"https:\\\/\\\/elinformativotam.com\\\/#\\\/schema\\\/person\\\/78e08040eed0f6110f0c5f83b6153590\",\"name\":\"El Informativo Tam\",\"image\":{\"@type\":\"ImageObject\",\"inLanguage\":\"es\",\"@id\":\"https:\\\/\\\/secure.gravatar.com\\\/avatar\\\/f3b7ad3af540688955925ac610647be00b0cf41feea9c4978b73a707ee86bc53?s=96&d=mm&r=g\",\"url\":\"https:\\\/\\\/secure.gravatar.com\\\/avatar\\\/f3b7ad3af540688955925ac610647be00b0cf41feea9c4978b73a707ee86bc53?s=96&d=mm&r=g\",\"contentUrl\":\"https:\\\/\\\/secure.gravatar.com\\\/avatar\\\/f3b7ad3af540688955925ac610647be00b0cf41feea9c4978b73a707ee86bc53?s=96&d=mm&r=g\",\"caption\":\"El Informativo Tam\"}}]}<\/script>\n<!-- \/ Yoast SEO plugin. -->","yoast_head_json":{"title":"En el Aire Proyecto del Dren Aldama - EL INFORMATIVO DE TAMAULIPAS","description":"La comuna porte\u00f1a present\u00f3 ante diversas instancias federales el proyecto del dren de la calle Aldama por el riesgo de inundaci\u00f3n que afecta a los","robots":{"index":"index","follow":"follow","max-snippet":"max-snippet:-1","max-image-preview":"max-image-preview:large","max-video-preview":"max-video-preview:-1"},"canonical":"https:\/\/elinformativotam.com\/index.php\/2019\/10\/06\/en-el-aire-proyecto-del-dren-aldama\/","og_locale":"es_MX","og_type":"article","og_title":"En el Aire Proyecto del Dren Aldama - EL INFORMATIVO DE TAMAULIPAS","og_description":"La comuna porte\u00f1a present\u00f3 ante diversas instancias federales el proyecto del dren de la calle Aldama por el riesgo de inundaci\u00f3n que afecta a los","og_url":"https:\/\/elinformativotam.com\/index.php\/2019\/10\/06\/en-el-aire-proyecto-del-dren-aldama\/","og_site_name":"EL INFORMATIVO DE TAMAULIPAS","article_published_time":"2019-10-06T23:20:58+00:00","article_modified_time":"2019-10-06T23:20:59+00:00","author":"El Informativo Tam","twitter_card":"summary_large_image","twitter_misc":{"Escrito por":"El Informativo Tam","Tiempo de lectura":"1 minuto"},"schema":{"@context":"https:\/\/schema.org","@graph":[{"@type":"Article","@id":"https:\/\/elinformativotam.com\/index.php\/2019\/10\/06\/en-el-aire-proyecto-del-dren-aldama\/#article","isPartOf":{"@id":"https:\/\/elinformativotam.com\/index.php\/2019\/10\/06\/en-el-aire-proyecto-del-dren-aldama\/"},"author":{"name":"El Informativo Tam","@id":"https:\/\/elinformativotam.com\/#\/schema\/person\/78e08040eed0f6110f0c5f83b6153590"},"headline":"En el Aire Proyecto del Dren Aldama","datePublished":"2019-10-06T23:20:58+00:00","dateModified":"2019-10-06T23:20:59+00:00","mainEntityOfPage":{"@id":"https:\/\/elinformativotam.com\/index.php\/2019\/10\/06\/en-el-aire-proyecto-del-dren-aldama\/"},"wordCount":216,"commentCount":0,"publisher":{"@id":"https:\/\/elinformativotam.com\/#organization"},"articleSection":["Tamaulipas"],"inLanguage":"es","potentialAction":[{"@type":"CommentAction","name":"Comment","target":["https:\/\/elinformativotam.com\/index.php\/2019\/10\/06\/en-el-aire-proyecto-del-dren-aldama\/#respond"]}]},{"@type":"WebPage","@id":"https:\/\/elinformativotam.com\/index.php\/2019\/10\/06\/en-el-aire-proyecto-del-dren-aldama\/","url":"https:\/\/elinformativotam.com\/index.php\/2019\/10\/06\/en-el-aire-proyecto-del-dren-aldama\/","name":"En el Aire Proyecto del Dren Aldama - EL INFORMATIVO DE TAMAULIPAS","isPartOf":{"@id":"https:\/\/elinformativotam.com\/#website"},"datePublished":"2019-10-06T23:20:58+00:00","dateModified":"2019-10-06T23:20:59+00:00","description":"La comuna porte\u00f1a present\u00f3 ante diversas instancias federales el proyecto del dren de la calle Aldama por el riesgo de inundaci\u00f3n que afecta a los","inLanguage":"es","potentialAction":[{"@type":"ReadAction","target":["https:\/\/elinformativotam.com\/index.php\/2019\/10\/06\/en-el-aire-proyecto-del-dren-aldama\/"]}]},{"@type":"WebSite","@id":"https:\/\/elinformativotam.com\/#website","url":"https:\/\/elinformativotam.com\/","name":"EL INFORMATIVO DE TAMAULIPAS","description":"Desde la Zona Metropolitana Para Todo M\u00e9xico","publisher":{"@id":"https:\/\/elinformativotam.com\/#organization"},"potentialAction":[{"@type":"SearchAction","target":{"@type":"EntryPoint","urlTemplate":"https:\/\/elinformativotam.com\/?s={search_term_string}"},"query-input":{"@type":"PropertyValueSpecification","valueRequired":true,"valueName":"search_term_string"}}],"inLanguage":"es"},{"@type":"Organization","@id":"https:\/\/elinformativotam.com\/#organization","name":"EL INFORMATIVO DE TAMAULIPAS","url":"https:\/\/elinformativotam.com\/","logo":{"@type":"ImageObject","inLanguage":"es","@id":"https:\/\/elinformativotam.com\/#\/schema\/logo\/image\/","url":"https:\/\/elinformativotam.com\/wp-content\/uploads\/2026\/02\/Cabezal.png","contentUrl":"https:\/\/elinformativotam.com\/wp-content\/uploads\/2026\/02\/Cabezal.png","width":960,"height":640,"caption":"EL INFORMATIVO DE TAMAULIPAS"},"image":{"@id":"https:\/\/elinformativotam.com\/#\/schema\/logo\/image\/"}},{"@type":"Person","@id":"https:\/\/elinformativotam.com\/#\/schema\/person\/78e08040eed0f6110f0c5f83b6153590","name":"El Informativo Tam","image":{"@type":"ImageObject","inLanguage":"es","@id":"https:\/\/secure.gravatar.com\/avatar\/f3b7ad3af540688955925ac610647be00b0cf41feea9c4978b73a707ee86bc53?s=96&d=mm&r=g","url":"https:\/\/secure.gravatar.com\/avatar\/f3b7ad3af540688955925ac610647be00b0cf41feea9c4978b73a707ee86bc53?s=96&d=mm&r=g","contentUrl":"https:\/\/secure.gravatar.com\/avatar\/f3b7ad3af540688955925ac610647be00b0cf41feea9c4978b73a707ee86bc53?s=96&d=mm&r=g","caption":"El Informativo Tam"}}]}},"_links":{"self":[{"href":"https:\/\/elinformativotam.com\/index.php\/wp-json\/wp\/v2\/posts\/119","targetHints":{"allow":["GET"]}}],"collection":[{"href":"https:\/\/elinformativotam.com\/index.php\/wp-json\/wp\/v2\/posts"}],"about":[{"href":"https:\/\/elinformativotam.com\/index.php\/wp-json\/wp\/v2\/types\/post"}],"author":[{"embeddable":true,"href":"https:\/\/elinformativotam.com\/index.php\/wp-json\/wp\/v2\/users\/1"}],"replies":[{"embeddable":true,"href":"https:\/\/elinformativotam.com\/index.php\/wp-json\/wp\/v2\/comments?post=119"}],"version-history":[{"count":0,"href":"https:\/\/elinformativotam.com\/index.php\/wp-json\/wp\/v2\/posts\/119\/revisions"}],"wp:attachment":[{"href":"https:\/\/elinformativotam.com\/index.php\/wp-json\/wp\/v2\/media?parent=119"}],"wp:term":[{"taxonomy":"category","embeddable":true,"href":"https:\/\/elinformativotam.com\/index.php\/wp-json\/wp\/v2\/categories?post=119"},{"taxonomy":"post_tag","embeddable":true,"href":"https:\/\/elinformativotam.com\/index.php\/wp-json\/wp\/v2\/tags?post=119"}],"curies":[{"name":"wp","href":"https:\/\/api.w.org\/{rel}","templated":true}]}}