{"id":1188,"date":"2019-12-19T20:02:27","date_gmt":"2019-12-20T02:02:27","guid":{"rendered":"http:\/\/elinformativotam.com\/?p=1188"},"modified":"2019-12-19T20:02:27","modified_gmt":"2019-12-20T02:02:27","slug":"inaugura-chucho-nader-intervencion-artistica-en-puente-peatonal-cemain","status":"publish","type":"post","link":"https:\/\/elinformativotam.com\/index.php\/2019\/12\/19\/inaugura-chucho-nader-intervencion-artistica-en-puente-peatonal-cemain\/","title":{"rendered":"INAUGURA CHUCHO NADER INTERVENCI\u00d3N ART\u00cdSTICA EN PUENTE PEATONAL CEMAIN"},"content":{"rendered":"<h3><em><strong>*La Estructura Evoca La Presencia De Los Tranv\u00edas De Tampico Durante El Siglo XX<\/strong><\/em><\/h3>\n<p>&nbsp;<\/p>\n<p>Con el prop\u00f3sito de rescatar el orgullo de ser tampique\u00f1o y fortalecer los valores de identidad y pertenencia mediante el intervencionismo urbano, el Presidente Municipal Chucho Nader inaugur\u00f3 este mi\u00e9rcoles, en el puente peatonal del Hospital Cemain instalado en la avenida Hidalgo, la escultura urbana interactiva que evoca la \u00e9poca de los Tranv\u00edas de Tampico.<\/p>\n<p>&nbsp;<\/p>\n<p>El jefe de la comuna destac\u00f3 que su administraci\u00f3n lleva a cabo el rescate de elementos culturales e hist\u00f3ricos que devuelvan a los tampique\u00f1os el orgullo de vivir en una de las ciudades m\u00e1s importantes del pa\u00eds y capital de la regi\u00f3n huasteca.<\/p>\n<p>&nbsp;<\/p>\n<p>&#8220;Estamos llevando a cabo un programa de rescate de los valores hist\u00f3ricos y culturales que identifican a Tampico como una de las ciudades m\u00e1s importantes a nivel nacional; ya lo hicimos con la rehabilitaci\u00f3n del anuncio de la cervecer\u00eda Corona en la calle Aduana que con una historia de m\u00e1s de 90 simboliza el desarrollo industrial y comercial de nuestra ciudad y ahora lo hacemos a trav\u00e9s de esta intervenci\u00f3n art\u00edstica en el puente peatonal del hospital Cemain&#8221;, explic\u00f3.<\/p>\n<p>&nbsp;<\/p>\n<p>Chucho Nader reconoci\u00f3 y agradeci\u00f3 la participaci\u00f3n de Cemain por formar parte de este proyecto urban\u00edstico y anunci\u00f3 que seguir\u00e1n rescatando los valores hist\u00f3ricos que forman parte del patrimonio tampique\u00f1o.<\/p>\n<p><img loading=\"lazy\" decoding=\"async\" class=\"alignnone  wp-image-1190\" src=\"https:\/\/elinformativotam.com\/wp-content\/uploads\/2019\/12\/nader-3-300x210.jpg\" alt=\"\" width=\"816\" height=\"571\" \/><\/p>\n<p>Record\u00f3 que durante su infancia tuvo la oportunidad de transportarse en los tranv\u00edas y destac\u00f3 que este recuerdo lo comparten miles de tampique\u00f1os, &#8220;por ello -dijo-, vamos a seguir rescatando estos elementos que nos dan pertenencia e identidad, pero sobretodo nos hacen revalorar el orgullo de ser tampique\u00f1os&#8221;.<\/p>\n<p>&nbsp;<\/p>\n<p>La intervenci\u00f3n art\u00edstica en el citado puente peatonal ofrece una imagen de los tranv\u00edas de Tampico de la d\u00e9cada de los 70\u00b4s colocadas de manera panor\u00e1mica en ambas caras de la estructura, evocando con ello, la importancia hist\u00f3rica de este medio de transporte en esta ciudad.<\/p>\n<p>&nbsp;<\/p>\n<p>Por su parte, la Directora General del Grupo Hospitalario, Bertha Laura Salinas Ruiz, asegur\u00f3 que comparten el compromiso con el gobierno local de mejorar el entorno urban\u00edstico de la ciudad, a trav\u00e9s de la incorporaci\u00f3n de elementos que fortalezcan el sentido de identidad de todos los tampique\u00f1os.<\/p>\n<p>&nbsp;<\/p>\n<p>&#8220;La labor de este Ayuntamiento es remarcar el orgullo de ser tampique\u00f1o, y participamos de manera entusiasta con la intervenci\u00f3n de esta estructura arquitect\u00f3nica con elementos art\u00edsticos y culturales; que dan sentimiento de pertenencia y esperemos que m\u00e1s empresas se sumen a este esfuerzo por rescatar el orgullo tampique\u00f1o&#8221;, expres\u00f3.<\/p>\n<p>&nbsp;<\/p>\n<p>Salinas Ruiz puntualiz\u00f3 que; &#8220;en Grupo Cemain nos sentimos muy orgullosos de formar parte de este proyecto y ver como en este gobierno, ciudadanos, empresarios y Ayuntamiento estamos trabajando juntos y de la mano&#8221;.<\/p>\n","protected":false},"excerpt":{"rendered":"<p>*La Estructura Evoca La Presencia De Los Tranv\u00edas De Tampico Durante El Siglo XX &nbsp; Con el prop\u00f3sito de rescatar&hellip;<\/p>\n","protected":false},"author":1,"featured_media":0,"comment_status":"open","ping_status":"open","sticky":false,"template":"","format":"standard","meta":{"footnotes":""},"categories":[3],"tags":[],"class_list":["post-1188","post","type-post","status-publish","format-standard","hentry","category-tampico"],"yoast_head":"<!-- This site is optimized with the Yoast SEO plugin v27.5 - https:\/\/yoast.com\/product\/yoast-seo-wordpress\/ -->\n<title>INAUGURA CHUCHO NADER INTERVENCI\u00d3N ART\u00cdSTICA EN PUENTE PEATONAL CEMAIN - EL INFORMATIVO DE TAMAULIPAS<\/title>\n<meta name=\"description\" content=\"*La Estructura Evoca La Presencia De Los Tranv\u00edas De Tampico Durante El Siglo XX &nbsp; Con el prop\u00f3sito de rescatar el orgullo de ser tampique\u00f1o y\" \/>\n<meta name=\"robots\" content=\"index, follow, max-snippet:-1, max-image-preview:large, max-video-preview:-1\" \/>\n<link rel=\"canonical\" href=\"https:\/\/elinformativotam.com\/index.php\/2019\/12\/19\/inaugura-chucho-nader-intervencion-artistica-en-puente-peatonal-cemain\/\" \/>\n<meta property=\"og:locale\" content=\"es_MX\" \/>\n<meta property=\"og:type\" content=\"article\" \/>\n<meta property=\"og:title\" content=\"INAUGURA CHUCHO NADER INTERVENCI\u00d3N ART\u00cdSTICA EN PUENTE PEATONAL CEMAIN - EL INFORMATIVO DE TAMAULIPAS\" \/>\n<meta property=\"og:description\" content=\"*La Estructura Evoca La Presencia De Los Tranv\u00edas De Tampico Durante El Siglo XX &nbsp; Con el prop\u00f3sito de rescatar el orgullo de ser tampique\u00f1o y\" \/>\n<meta property=\"og:url\" content=\"https:\/\/elinformativotam.com\/index.php\/2019\/12\/19\/inaugura-chucho-nader-intervencion-artistica-en-puente-peatonal-cemain\/\" \/>\n<meta property=\"og:site_name\" content=\"EL INFORMATIVO DE TAMAULIPAS\" \/>\n<meta property=\"article:published_time\" content=\"2019-12-20T02:02:27+00:00\" \/>\n<meta property=\"og:image\" content=\"http:\/\/elinformativotam.com\/wp-content\/uploads\/2019\/12\/nader-3-300x210.jpg\" \/>\n<meta name=\"author\" content=\"El Informativo Tam\" \/>\n<meta name=\"twitter:card\" content=\"summary_large_image\" \/>\n<meta name=\"twitter:label1\" content=\"Escrito por\" \/>\n\t<meta name=\"twitter:data1\" content=\"El Informativo Tam\" \/>\n\t<meta name=\"twitter:label2\" content=\"Tiempo de lectura\" \/>\n\t<meta name=\"twitter:data2\" content=\"2 minutos\" \/>\n<script type=\"application\/ld+json\" class=\"yoast-schema-graph\">{\"@context\":\"https:\\\/\\\/schema.org\",\"@graph\":[{\"@type\":\"Article\",\"@id\":\"https:\\\/\\\/elinformativotam.com\\\/index.php\\\/2019\\\/12\\\/19\\\/inaugura-chucho-nader-intervencion-artistica-en-puente-peatonal-cemain\\\/#article\",\"isPartOf\":{\"@id\":\"https:\\\/\\\/elinformativotam.com\\\/index.php\\\/2019\\\/12\\\/19\\\/inaugura-chucho-nader-intervencion-artistica-en-puente-peatonal-cemain\\\/\"},\"author\":{\"name\":\"El Informativo Tam\",\"@id\":\"https:\\\/\\\/elinformativotam.com\\\/#\\\/schema\\\/person\\\/78e08040eed0f6110f0c5f83b6153590\"},\"headline\":\"INAUGURA CHUCHO NADER INTERVENCI\u00d3N ART\u00cdSTICA EN PUENTE PEATONAL CEMAIN\",\"datePublished\":\"2019-12-20T02:02:27+00:00\",\"mainEntityOfPage\":{\"@id\":\"https:\\\/\\\/elinformativotam.com\\\/index.php\\\/2019\\\/12\\\/19\\\/inaugura-chucho-nader-intervencion-artistica-en-puente-peatonal-cemain\\\/\"},\"wordCount\":507,\"commentCount\":0,\"publisher\":{\"@id\":\"https:\\\/\\\/elinformativotam.com\\\/#organization\"},\"image\":{\"@id\":\"https:\\\/\\\/elinformativotam.com\\\/index.php\\\/2019\\\/12\\\/19\\\/inaugura-chucho-nader-intervencion-artistica-en-puente-peatonal-cemain\\\/#primaryimage\"},\"thumbnailUrl\":\"http:\\\/\\\/elinformativotam.com\\\/wp-content\\\/uploads\\\/2019\\\/12\\\/nader-3-300x210.jpg\",\"articleSection\":[\"Tampico\"],\"inLanguage\":\"es\",\"potentialAction\":[{\"@type\":\"CommentAction\",\"name\":\"Comment\",\"target\":[\"https:\\\/\\\/elinformativotam.com\\\/index.php\\\/2019\\\/12\\\/19\\\/inaugura-chucho-nader-intervencion-artistica-en-puente-peatonal-cemain\\\/#respond\"]}]},{\"@type\":\"WebPage\",\"@id\":\"https:\\\/\\\/elinformativotam.com\\\/index.php\\\/2019\\\/12\\\/19\\\/inaugura-chucho-nader-intervencion-artistica-en-puente-peatonal-cemain\\\/\",\"url\":\"https:\\\/\\\/elinformativotam.com\\\/index.php\\\/2019\\\/12\\\/19\\\/inaugura-chucho-nader-intervencion-artistica-en-puente-peatonal-cemain\\\/\",\"name\":\"INAUGURA CHUCHO NADER INTERVENCI\u00d3N ART\u00cdSTICA EN PUENTE PEATONAL CEMAIN - EL INFORMATIVO DE TAMAULIPAS\",\"isPartOf\":{\"@id\":\"https:\\\/\\\/elinformativotam.com\\\/#website\"},\"primaryImageOfPage\":{\"@id\":\"https:\\\/\\\/elinformativotam.com\\\/index.php\\\/2019\\\/12\\\/19\\\/inaugura-chucho-nader-intervencion-artistica-en-puente-peatonal-cemain\\\/#primaryimage\"},\"image\":{\"@id\":\"https:\\\/\\\/elinformativotam.com\\\/index.php\\\/2019\\\/12\\\/19\\\/inaugura-chucho-nader-intervencion-artistica-en-puente-peatonal-cemain\\\/#primaryimage\"},\"thumbnailUrl\":\"http:\\\/\\\/elinformativotam.com\\\/wp-content\\\/uploads\\\/2019\\\/12\\\/nader-3-300x210.jpg\",\"datePublished\":\"2019-12-20T02:02:27+00:00\",\"description\":\"*La Estructura Evoca La Presencia De Los Tranv\u00edas De Tampico Durante El Siglo XX &nbsp; Con el prop\u00f3sito de rescatar el orgullo de ser tampique\u00f1o y\",\"inLanguage\":\"es\",\"potentialAction\":[{\"@type\":\"ReadAction\",\"target\":[\"https:\\\/\\\/elinformativotam.com\\\/index.php\\\/2019\\\/12\\\/19\\\/inaugura-chucho-nader-intervencion-artistica-en-puente-peatonal-cemain\\\/\"]}]},{\"@type\":\"ImageObject\",\"inLanguage\":\"es\",\"@id\":\"https:\\\/\\\/elinformativotam.com\\\/index.php\\\/2019\\\/12\\\/19\\\/inaugura-chucho-nader-intervencion-artistica-en-puente-peatonal-cemain\\\/#primaryimage\",\"url\":\"http:\\\/\\\/elinformativotam.com\\\/wp-content\\\/uploads\\\/2019\\\/12\\\/nader-3-300x210.jpg\",\"contentUrl\":\"http:\\\/\\\/elinformativotam.com\\\/wp-content\\\/uploads\\\/2019\\\/12\\\/nader-3-300x210.jpg\"},{\"@type\":\"WebSite\",\"@id\":\"https:\\\/\\\/elinformativotam.com\\\/#website\",\"url\":\"https:\\\/\\\/elinformativotam.com\\\/\",\"name\":\"EL INFORMATIVO DE TAMAULIPAS\",\"description\":\"Desde la Zona Metropolitana Para Todo M\u00e9xico\",\"publisher\":{\"@id\":\"https:\\\/\\\/elinformativotam.com\\\/#organization\"},\"potentialAction\":[{\"@type\":\"SearchAction\",\"target\":{\"@type\":\"EntryPoint\",\"urlTemplate\":\"https:\\\/\\\/elinformativotam.com\\\/?s={search_term_string}\"},\"query-input\":{\"@type\":\"PropertyValueSpecification\",\"valueRequired\":true,\"valueName\":\"search_term_string\"}}],\"inLanguage\":\"es\"},{\"@type\":\"Organization\",\"@id\":\"https:\\\/\\\/elinformativotam.com\\\/#organization\",\"name\":\"EL INFORMATIVO DE TAMAULIPAS\",\"url\":\"https:\\\/\\\/elinformativotam.com\\\/\",\"logo\":{\"@type\":\"ImageObject\",\"inLanguage\":\"es\",\"@id\":\"https:\\\/\\\/elinformativotam.com\\\/#\\\/schema\\\/logo\\\/image\\\/\",\"url\":\"https:\\\/\\\/elinformativotam.com\\\/wp-content\\\/uploads\\\/2026\\\/02\\\/Cabezal.png\",\"contentUrl\":\"https:\\\/\\\/elinformativotam.com\\\/wp-content\\\/uploads\\\/2026\\\/02\\\/Cabezal.png\",\"width\":960,\"height\":640,\"caption\":\"EL INFORMATIVO DE TAMAULIPAS\"},\"image\":{\"@id\":\"https:\\\/\\\/elinformativotam.com\\\/#\\\/schema\\\/logo\\\/image\\\/\"}},{\"@type\":\"Person\",\"@id\":\"https:\\\/\\\/elinformativotam.com\\\/#\\\/schema\\\/person\\\/78e08040eed0f6110f0c5f83b6153590\",\"name\":\"El Informativo Tam\",\"image\":{\"@type\":\"ImageObject\",\"inLanguage\":\"es\",\"@id\":\"https:\\\/\\\/secure.gravatar.com\\\/avatar\\\/f3b7ad3af540688955925ac610647be00b0cf41feea9c4978b73a707ee86bc53?s=96&d=mm&r=g\",\"url\":\"https:\\\/\\\/secure.gravatar.com\\\/avatar\\\/f3b7ad3af540688955925ac610647be00b0cf41feea9c4978b73a707ee86bc53?s=96&d=mm&r=g\",\"contentUrl\":\"https:\\\/\\\/secure.gravatar.com\\\/avatar\\\/f3b7ad3af540688955925ac610647be00b0cf41feea9c4978b73a707ee86bc53?s=96&d=mm&r=g\",\"caption\":\"El Informativo Tam\"}}]}<\/script>\n<!-- \/ Yoast SEO plugin. -->","yoast_head_json":{"title":"INAUGURA CHUCHO NADER INTERVENCI\u00d3N ART\u00cdSTICA EN PUENTE PEATONAL CEMAIN - EL INFORMATIVO DE TAMAULIPAS","description":"*La Estructura Evoca La Presencia De Los Tranv\u00edas De Tampico Durante El Siglo XX &nbsp; Con el prop\u00f3sito de rescatar el orgullo de ser tampique\u00f1o y","robots":{"index":"index","follow":"follow","max-snippet":"max-snippet:-1","max-image-preview":"max-image-preview:large","max-video-preview":"max-video-preview:-1"},"canonical":"https:\/\/elinformativotam.com\/index.php\/2019\/12\/19\/inaugura-chucho-nader-intervencion-artistica-en-puente-peatonal-cemain\/","og_locale":"es_MX","og_type":"article","og_title":"INAUGURA CHUCHO NADER INTERVENCI\u00d3N ART\u00cdSTICA EN PUENTE PEATONAL CEMAIN - EL INFORMATIVO DE TAMAULIPAS","og_description":"*La Estructura Evoca La Presencia De Los Tranv\u00edas De Tampico Durante El Siglo XX &nbsp; Con el prop\u00f3sito de rescatar el orgullo de ser tampique\u00f1o y","og_url":"https:\/\/elinformativotam.com\/index.php\/2019\/12\/19\/inaugura-chucho-nader-intervencion-artistica-en-puente-peatonal-cemain\/","og_site_name":"EL INFORMATIVO DE TAMAULIPAS","article_published_time":"2019-12-20T02:02:27+00:00","og_image":[{"url":"http:\/\/elinformativotam.com\/wp-content\/uploads\/2019\/12\/nader-3-300x210.jpg","type":"","width":"","height":""}],"author":"El Informativo Tam","twitter_card":"summary_large_image","twitter_misc":{"Escrito por":"El Informativo Tam","Tiempo de lectura":"2 minutos"},"schema":{"@context":"https:\/\/schema.org","@graph":[{"@type":"Article","@id":"https:\/\/elinformativotam.com\/index.php\/2019\/12\/19\/inaugura-chucho-nader-intervencion-artistica-en-puente-peatonal-cemain\/#article","isPartOf":{"@id":"https:\/\/elinformativotam.com\/index.php\/2019\/12\/19\/inaugura-chucho-nader-intervencion-artistica-en-puente-peatonal-cemain\/"},"author":{"name":"El Informativo Tam","@id":"https:\/\/elinformativotam.com\/#\/schema\/person\/78e08040eed0f6110f0c5f83b6153590"},"headline":"INAUGURA CHUCHO NADER INTERVENCI\u00d3N ART\u00cdSTICA EN PUENTE PEATONAL CEMAIN","datePublished":"2019-12-20T02:02:27+00:00","mainEntityOfPage":{"@id":"https:\/\/elinformativotam.com\/index.php\/2019\/12\/19\/inaugura-chucho-nader-intervencion-artistica-en-puente-peatonal-cemain\/"},"wordCount":507,"commentCount":0,"publisher":{"@id":"https:\/\/elinformativotam.com\/#organization"},"image":{"@id":"https:\/\/elinformativotam.com\/index.php\/2019\/12\/19\/inaugura-chucho-nader-intervencion-artistica-en-puente-peatonal-cemain\/#primaryimage"},"thumbnailUrl":"http:\/\/elinformativotam.com\/wp-content\/uploads\/2019\/12\/nader-3-300x210.jpg","articleSection":["Tampico"],"inLanguage":"es","potentialAction":[{"@type":"CommentAction","name":"Comment","target":["https:\/\/elinformativotam.com\/index.php\/2019\/12\/19\/inaugura-chucho-nader-intervencion-artistica-en-puente-peatonal-cemain\/#respond"]}]},{"@type":"WebPage","@id":"https:\/\/elinformativotam.com\/index.php\/2019\/12\/19\/inaugura-chucho-nader-intervencion-artistica-en-puente-peatonal-cemain\/","url":"https:\/\/elinformativotam.com\/index.php\/2019\/12\/19\/inaugura-chucho-nader-intervencion-artistica-en-puente-peatonal-cemain\/","name":"INAUGURA CHUCHO NADER INTERVENCI\u00d3N ART\u00cdSTICA EN PUENTE PEATONAL CEMAIN - EL INFORMATIVO DE TAMAULIPAS","isPartOf":{"@id":"https:\/\/elinformativotam.com\/#website"},"primaryImageOfPage":{"@id":"https:\/\/elinformativotam.com\/index.php\/2019\/12\/19\/inaugura-chucho-nader-intervencion-artistica-en-puente-peatonal-cemain\/#primaryimage"},"image":{"@id":"https:\/\/elinformativotam.com\/index.php\/2019\/12\/19\/inaugura-chucho-nader-intervencion-artistica-en-puente-peatonal-cemain\/#primaryimage"},"thumbnailUrl":"http:\/\/elinformativotam.com\/wp-content\/uploads\/2019\/12\/nader-3-300x210.jpg","datePublished":"2019-12-20T02:02:27+00:00","description":"*La Estructura Evoca La Presencia De Los Tranv\u00edas De Tampico Durante El Siglo XX &nbsp; Con el prop\u00f3sito de rescatar el orgullo de ser tampique\u00f1o y","inLanguage":"es","potentialAction":[{"@type":"ReadAction","target":["https:\/\/elinformativotam.com\/index.php\/2019\/12\/19\/inaugura-chucho-nader-intervencion-artistica-en-puente-peatonal-cemain\/"]}]},{"@type":"ImageObject","inLanguage":"es","@id":"https:\/\/elinformativotam.com\/index.php\/2019\/12\/19\/inaugura-chucho-nader-intervencion-artistica-en-puente-peatonal-cemain\/#primaryimage","url":"http:\/\/elinformativotam.com\/wp-content\/uploads\/2019\/12\/nader-3-300x210.jpg","contentUrl":"http:\/\/elinformativotam.com\/wp-content\/uploads\/2019\/12\/nader-3-300x210.jpg"},{"@type":"WebSite","@id":"https:\/\/elinformativotam.com\/#website","url":"https:\/\/elinformativotam.com\/","name":"EL INFORMATIVO DE TAMAULIPAS","description":"Desde la Zona Metropolitana Para Todo M\u00e9xico","publisher":{"@id":"https:\/\/elinformativotam.com\/#organization"},"potentialAction":[{"@type":"SearchAction","target":{"@type":"EntryPoint","urlTemplate":"https:\/\/elinformativotam.com\/?s={search_term_string}"},"query-input":{"@type":"PropertyValueSpecification","valueRequired":true,"valueName":"search_term_string"}}],"inLanguage":"es"},{"@type":"Organization","@id":"https:\/\/elinformativotam.com\/#organization","name":"EL INFORMATIVO DE TAMAULIPAS","url":"https:\/\/elinformativotam.com\/","logo":{"@type":"ImageObject","inLanguage":"es","@id":"https:\/\/elinformativotam.com\/#\/schema\/logo\/image\/","url":"https:\/\/elinformativotam.com\/wp-content\/uploads\/2026\/02\/Cabezal.png","contentUrl":"https:\/\/elinformativotam.com\/wp-content\/uploads\/2026\/02\/Cabezal.png","width":960,"height":640,"caption":"EL INFORMATIVO DE TAMAULIPAS"},"image":{"@id":"https:\/\/elinformativotam.com\/#\/schema\/logo\/image\/"}},{"@type":"Person","@id":"https:\/\/elinformativotam.com\/#\/schema\/person\/78e08040eed0f6110f0c5f83b6153590","name":"El Informativo Tam","image":{"@type":"ImageObject","inLanguage":"es","@id":"https:\/\/secure.gravatar.com\/avatar\/f3b7ad3af540688955925ac610647be00b0cf41feea9c4978b73a707ee86bc53?s=96&d=mm&r=g","url":"https:\/\/secure.gravatar.com\/avatar\/f3b7ad3af540688955925ac610647be00b0cf41feea9c4978b73a707ee86bc53?s=96&d=mm&r=g","contentUrl":"https:\/\/secure.gravatar.com\/avatar\/f3b7ad3af540688955925ac610647be00b0cf41feea9c4978b73a707ee86bc53?s=96&d=mm&r=g","caption":"El Informativo Tam"}}]}},"_links":{"self":[{"href":"https:\/\/elinformativotam.com\/index.php\/wp-json\/wp\/v2\/posts\/1188","targetHints":{"allow":["GET"]}}],"collection":[{"href":"https:\/\/elinformativotam.com\/index.php\/wp-json\/wp\/v2\/posts"}],"about":[{"href":"https:\/\/elinformativotam.com\/index.php\/wp-json\/wp\/v2\/types\/post"}],"author":[{"embeddable":true,"href":"https:\/\/elinformativotam.com\/index.php\/wp-json\/wp\/v2\/users\/1"}],"replies":[{"embeddable":true,"href":"https:\/\/elinformativotam.com\/index.php\/wp-json\/wp\/v2\/comments?post=1188"}],"version-history":[{"count":0,"href":"https:\/\/elinformativotam.com\/index.php\/wp-json\/wp\/v2\/posts\/1188\/revisions"}],"wp:attachment":[{"href":"https:\/\/elinformativotam.com\/index.php\/wp-json\/wp\/v2\/media?parent=1188"}],"wp:term":[{"taxonomy":"category","embeddable":true,"href":"https:\/\/elinformativotam.com\/index.php\/wp-json\/wp\/v2\/categories?post=1188"},{"taxonomy":"post_tag","embeddable":true,"href":"https:\/\/elinformativotam.com\/index.php\/wp-json\/wp\/v2\/tags?post=1188"}],"curies":[{"name":"wp","href":"https:\/\/api.w.org\/{rel}","templated":true}]}}