{"id":1164,"date":"2019-12-17T20:37:09","date_gmt":"2019-12-18T02:37:09","guid":{"rendered":"http:\/\/elinformativotam.com\/?p=1164"},"modified":"2019-12-17T20:37:09","modified_gmt":"2019-12-18T02:37:09","slug":"ponen-en-marcha-en-altamira-operativo-navidad-segura-2019","status":"publish","type":"post","link":"https:\/\/elinformativotam.com\/index.php\/2019\/12\/17\/ponen-en-marcha-en-altamira-operativo-navidad-segura-2019\/","title":{"rendered":"PONEN EN MARCHA EN ALTAMIRA OPERATIVO NAVIDAD SEGURA 2019"},"content":{"rendered":"<h2><em><strong>*El Secretario Del Ayuntamiento, Cuauht\u00e9moc Zaleta Alonso, Dio El Banderazo De Inicio De Este Dispositivo En El Que Intervienen M\u00e1s De 300 Elementos De Seguridad Y Emergencias.<\/strong><\/em><\/h2>\n<p>&nbsp;<\/p>\n<p>Teniendo como objetivo proteger la integridad f\u00edsica y brindar el auxilio necesario a visitantes y conductores en general en esta temporada decembrina, fue puesto en marcha el operativo Navidad Segura 2019 en el que intervienen personal de las fuerzas federales, cuerpos de auxilio, as\u00ed como elementos de Protecci\u00f3n Civil y Tr\u00e1nsito local.<\/p>\n<p>&nbsp;<\/p>\n<p>En representaci\u00f3n de la presidenta municipal Alma Laura Ampar\u00e1n Cruz, el secretario del Ayuntamiento de Altamira, Cuauht\u00e9moc Zaleta Alonso dio el banderazo de inicio de este dispositivo que estar\u00e1 vigente del 17 de diciembre del 2019 al 6 de enero del 2020, donde intervienen m\u00e1s de 300 elementos de seguridad y emergencias que efectuar\u00e1n recorridos de vigilancia y brindar\u00e1n atenci\u00f3n en m\u00f3dulos estrat\u00e9gicamente ubicados.<\/p>\n<p>&nbsp;<\/p>\n<p>En su mensaje, el secretario del Ayuntamiento, Cuauht\u00e9moc Zaleta indic\u00f3 que para el Gobierno Municipal de Altamira, que preside la alcaldesa Alma Laura Ampar\u00e1n Cruz, la seguridad vial resulta un factor de vital importancia, lo que se refuerza en este periodo vacacional de fin de a\u00f1o en beneficio de la poblaci\u00f3n con el valioso apoyo de efectivos de las secretar\u00edas de la Defensa Nacional y de Marina, Guardia Nacional, Polic\u00eda Federal, Polic\u00eda Estatal, Protecci\u00f3n Civil (regional y local), Cruz Roja, Bomberos y Tr\u00e1nsito y Vialidad.<\/p>\n<p>&nbsp;<\/p>\n<p>\u201cLa puesta en marcha de este operativo Navidad Segura 2019 brindar\u00e1 el total respaldo de las autoridades; nosotros seguimos las instrucciones de la alcaldesa Alma Laura Ampar\u00e1n para que se atienda como se merece a todos los paisanos que proceden de los Estados Unidos de Norteam\u00e9rica con destino a diferentes partes del pa\u00eds, cruzando por Altamira y las carreteras regionales, para brindarles asesor\u00eda; atenci\u00f3n m\u00e9dica, mec\u00e1nica y\/o informativa; acompa\u00f1amiento o cualquier otra necesidad que pudiera presentarse\u2019\u2019, expres\u00f3.<\/p>\n<p><img loading=\"lazy\" decoding=\"async\" class=\"alignnone  wp-image-1165\" src=\"https:\/\/elinformativotam.com\/wp-content\/uploads\/2019\/12\/seguridad-1-300x200.jpg\" alt=\"\" width=\"810\" height=\"540\" \/><\/p>\n<p>Zaleta Alonso reconoci\u00f3 y agradeci\u00f3 la invaluable labor de los efectivos de la Polic\u00eda Federal, divisi\u00f3n Caminos, dependiente de la Guardia Nacional, que cuentan con el respaldo total de la elementos de la Cruz Roja, Protecci\u00f3n Civil, Bomberos, SEDENA, SEMAR, Tr\u00e1nsito, entre otras dependencias y organismos de apoyo, que se suman a estas acciones para tener un saldo blanco y que turistas, paisanos y altamirenses disfruten amenamente de estos festejos navide\u00f1os y de fin de a\u00f1o.<\/p>\n<p>&nbsp;<\/p>\n<p>Por su parte, el director de Tr\u00e1nsito y Vialidad, Jes\u00fas Emmanuel Antonio Corbeira Uresti, dijo las palabras de bienvenida, recomendando a los conductores en general revisar bien su veh\u00edculo antes de salir a carretera, respetar los se\u00f1alamientos viales y l\u00edmites de velocidad, usar el cintur\u00f3n de seguridad y no manejar cansado ni en estado de ebriedad, para evitar accidentes.<\/p>\n<p>&nbsp;<\/p>\n<p>Autoridades municipales y estatales, as\u00ed como representantes de las fuerzas federales, entregaron en la carretera Tampico-Mante folletos informativos a choferes sobre medidas de seguridad para implementarse en este receso vacacional.<\/p>\n<p>&nbsp;<\/p>\n<p>Tambi\u00e9n estuvieron presentes, el representante de la Primera Zona Naval, teniente Juan Bautista Mart\u00ednez; el representante del 15 Batall\u00f3n de Infanter\u00eda, capit\u00e1n Hugo Aguirre Mill\u00e1n; el representante de la Guardia Nacional, inspector en Jefe Ra\u00fal Meneses Ram\u00edrez; el titular de la Polic\u00eda Federal, Estaci\u00f3n Tampico, inspector Ismael Ledezma Bail\u00f3n; el delegado regional de la Polic\u00eda Estatal en la Zona Sur, Roberto Rodr\u00edguez Bautista; el coordinador de la Polic\u00eda Estatal en Altamira, Diego de Jes\u00fas Hern\u00e1ndez Narciso; el representante de la Coordinaci\u00f3n Regional de Protecci\u00f3n Civil, Alfredo Hern\u00e1ndez \u00c1valos; el director de Protecci\u00f3n Civil, C\u00e9sar V\u00e1zquez J\u00e1uregui, as\u00ed como s\u00edndicos y regidores.<\/p>\n","protected":false},"excerpt":{"rendered":"<p>*El Secretario Del Ayuntamiento, Cuauht\u00e9moc Zaleta Alonso, Dio El Banderazo De Inicio De Este Dispositivo En El Que Intervienen M\u00e1s&hellip;<\/p>\n","protected":false},"author":1,"featured_media":0,"comment_status":"open","ping_status":"open","sticky":false,"template":"","format":"standard","meta":{"footnotes":""},"categories":[5],"tags":[],"class_list":["post-1164","post","type-post","status-publish","format-standard","hentry","category-altamira"],"yoast_head":"<!-- This site is optimized with the Yoast SEO plugin v27.5 - https:\/\/yoast.com\/product\/yoast-seo-wordpress\/ -->\n<title>PONEN EN MARCHA EN ALTAMIRA OPERATIVO NAVIDAD SEGURA 2019 - EL INFORMATIVO DE TAMAULIPAS<\/title>\n<meta name=\"description\" content=\"*El Secretario Del Ayuntamiento, Cuauht\u00e9moc Zaleta Alonso, Dio El Banderazo De Inicio De Este Dispositivo En El Que Intervienen M\u00e1s De 300 Elementos De\" \/>\n<meta name=\"robots\" content=\"index, follow, max-snippet:-1, max-image-preview:large, max-video-preview:-1\" \/>\n<link rel=\"canonical\" href=\"https:\/\/elinformativotam.com\/index.php\/2019\/12\/17\/ponen-en-marcha-en-altamira-operativo-navidad-segura-2019\/\" \/>\n<meta property=\"og:locale\" content=\"es_MX\" \/>\n<meta property=\"og:type\" content=\"article\" \/>\n<meta property=\"og:title\" content=\"PONEN EN MARCHA EN ALTAMIRA OPERATIVO NAVIDAD SEGURA 2019 - EL INFORMATIVO DE TAMAULIPAS\" \/>\n<meta property=\"og:description\" content=\"*El Secretario Del Ayuntamiento, Cuauht\u00e9moc Zaleta Alonso, Dio El Banderazo De Inicio De Este Dispositivo En El Que Intervienen M\u00e1s De 300 Elementos De\" \/>\n<meta property=\"og:url\" content=\"https:\/\/elinformativotam.com\/index.php\/2019\/12\/17\/ponen-en-marcha-en-altamira-operativo-navidad-segura-2019\/\" \/>\n<meta property=\"og:site_name\" content=\"EL INFORMATIVO DE TAMAULIPAS\" \/>\n<meta property=\"article:published_time\" content=\"2019-12-18T02:37:09+00:00\" \/>\n<meta property=\"og:image\" content=\"http:\/\/elinformativotam.com\/wp-content\/uploads\/2019\/12\/seguridad-1-300x200.jpg\" \/>\n<meta name=\"author\" content=\"El Informativo Tam\" \/>\n<meta name=\"twitter:card\" content=\"summary_large_image\" \/>\n<meta name=\"twitter:label1\" content=\"Escrito por\" \/>\n\t<meta name=\"twitter:data1\" content=\"El Informativo Tam\" \/>\n\t<meta name=\"twitter:label2\" content=\"Tiempo de lectura\" \/>\n\t<meta name=\"twitter:data2\" content=\"3 minutos\" \/>\n<script type=\"application\/ld+json\" class=\"yoast-schema-graph\">{\"@context\":\"https:\\\/\\\/schema.org\",\"@graph\":[{\"@type\":\"Article\",\"@id\":\"https:\\\/\\\/elinformativotam.com\\\/index.php\\\/2019\\\/12\\\/17\\\/ponen-en-marcha-en-altamira-operativo-navidad-segura-2019\\\/#article\",\"isPartOf\":{\"@id\":\"https:\\\/\\\/elinformativotam.com\\\/index.php\\\/2019\\\/12\\\/17\\\/ponen-en-marcha-en-altamira-operativo-navidad-segura-2019\\\/\"},\"author\":{\"name\":\"El Informativo Tam\",\"@id\":\"https:\\\/\\\/elinformativotam.com\\\/#\\\/schema\\\/person\\\/78e08040eed0f6110f0c5f83b6153590\"},\"headline\":\"PONEN EN MARCHA EN ALTAMIRA OPERATIVO NAVIDAD SEGURA 2019\",\"datePublished\":\"2019-12-18T02:37:09+00:00\",\"mainEntityOfPage\":{\"@id\":\"https:\\\/\\\/elinformativotam.com\\\/index.php\\\/2019\\\/12\\\/17\\\/ponen-en-marcha-en-altamira-operativo-navidad-segura-2019\\\/\"},\"wordCount\":645,\"commentCount\":0,\"publisher\":{\"@id\":\"https:\\\/\\\/elinformativotam.com\\\/#organization\"},\"image\":{\"@id\":\"https:\\\/\\\/elinformativotam.com\\\/index.php\\\/2019\\\/12\\\/17\\\/ponen-en-marcha-en-altamira-operativo-navidad-segura-2019\\\/#primaryimage\"},\"thumbnailUrl\":\"http:\\\/\\\/elinformativotam.com\\\/wp-content\\\/uploads\\\/2019\\\/12\\\/seguridad-1-300x200.jpg\",\"articleSection\":[\"Altamira\"],\"inLanguage\":\"es\",\"potentialAction\":[{\"@type\":\"CommentAction\",\"name\":\"Comment\",\"target\":[\"https:\\\/\\\/elinformativotam.com\\\/index.php\\\/2019\\\/12\\\/17\\\/ponen-en-marcha-en-altamira-operativo-navidad-segura-2019\\\/#respond\"]}]},{\"@type\":\"WebPage\",\"@id\":\"https:\\\/\\\/elinformativotam.com\\\/index.php\\\/2019\\\/12\\\/17\\\/ponen-en-marcha-en-altamira-operativo-navidad-segura-2019\\\/\",\"url\":\"https:\\\/\\\/elinformativotam.com\\\/index.php\\\/2019\\\/12\\\/17\\\/ponen-en-marcha-en-altamira-operativo-navidad-segura-2019\\\/\",\"name\":\"PONEN EN MARCHA EN ALTAMIRA OPERATIVO NAVIDAD SEGURA 2019 - EL INFORMATIVO DE TAMAULIPAS\",\"isPartOf\":{\"@id\":\"https:\\\/\\\/elinformativotam.com\\\/#website\"},\"primaryImageOfPage\":{\"@id\":\"https:\\\/\\\/elinformativotam.com\\\/index.php\\\/2019\\\/12\\\/17\\\/ponen-en-marcha-en-altamira-operativo-navidad-segura-2019\\\/#primaryimage\"},\"image\":{\"@id\":\"https:\\\/\\\/elinformativotam.com\\\/index.php\\\/2019\\\/12\\\/17\\\/ponen-en-marcha-en-altamira-operativo-navidad-segura-2019\\\/#primaryimage\"},\"thumbnailUrl\":\"http:\\\/\\\/elinformativotam.com\\\/wp-content\\\/uploads\\\/2019\\\/12\\\/seguridad-1-300x200.jpg\",\"datePublished\":\"2019-12-18T02:37:09+00:00\",\"description\":\"*El Secretario Del Ayuntamiento, Cuauht\u00e9moc Zaleta Alonso, Dio El Banderazo De Inicio De Este Dispositivo En El Que Intervienen M\u00e1s De 300 Elementos De\",\"inLanguage\":\"es\",\"potentialAction\":[{\"@type\":\"ReadAction\",\"target\":[\"https:\\\/\\\/elinformativotam.com\\\/index.php\\\/2019\\\/12\\\/17\\\/ponen-en-marcha-en-altamira-operativo-navidad-segura-2019\\\/\"]}]},{\"@type\":\"ImageObject\",\"inLanguage\":\"es\",\"@id\":\"https:\\\/\\\/elinformativotam.com\\\/index.php\\\/2019\\\/12\\\/17\\\/ponen-en-marcha-en-altamira-operativo-navidad-segura-2019\\\/#primaryimage\",\"url\":\"http:\\\/\\\/elinformativotam.com\\\/wp-content\\\/uploads\\\/2019\\\/12\\\/seguridad-1-300x200.jpg\",\"contentUrl\":\"http:\\\/\\\/elinformativotam.com\\\/wp-content\\\/uploads\\\/2019\\\/12\\\/seguridad-1-300x200.jpg\"},{\"@type\":\"WebSite\",\"@id\":\"https:\\\/\\\/elinformativotam.com\\\/#website\",\"url\":\"https:\\\/\\\/elinformativotam.com\\\/\",\"name\":\"EL INFORMATIVO DE TAMAULIPAS\",\"description\":\"Desde la Zona Metropolitana Para Todo M\u00e9xico\",\"publisher\":{\"@id\":\"https:\\\/\\\/elinformativotam.com\\\/#organization\"},\"potentialAction\":[{\"@type\":\"SearchAction\",\"target\":{\"@type\":\"EntryPoint\",\"urlTemplate\":\"https:\\\/\\\/elinformativotam.com\\\/?s={search_term_string}\"},\"query-input\":{\"@type\":\"PropertyValueSpecification\",\"valueRequired\":true,\"valueName\":\"search_term_string\"}}],\"inLanguage\":\"es\"},{\"@type\":\"Organization\",\"@id\":\"https:\\\/\\\/elinformativotam.com\\\/#organization\",\"name\":\"EL INFORMATIVO DE TAMAULIPAS\",\"url\":\"https:\\\/\\\/elinformativotam.com\\\/\",\"logo\":{\"@type\":\"ImageObject\",\"inLanguage\":\"es\",\"@id\":\"https:\\\/\\\/elinformativotam.com\\\/#\\\/schema\\\/logo\\\/image\\\/\",\"url\":\"https:\\\/\\\/elinformativotam.com\\\/wp-content\\\/uploads\\\/2026\\\/02\\\/Cabezal.png\",\"contentUrl\":\"https:\\\/\\\/elinformativotam.com\\\/wp-content\\\/uploads\\\/2026\\\/02\\\/Cabezal.png\",\"width\":960,\"height\":640,\"caption\":\"EL INFORMATIVO DE TAMAULIPAS\"},\"image\":{\"@id\":\"https:\\\/\\\/elinformativotam.com\\\/#\\\/schema\\\/logo\\\/image\\\/\"}},{\"@type\":\"Person\",\"@id\":\"https:\\\/\\\/elinformativotam.com\\\/#\\\/schema\\\/person\\\/78e08040eed0f6110f0c5f83b6153590\",\"name\":\"El Informativo Tam\",\"image\":{\"@type\":\"ImageObject\",\"inLanguage\":\"es\",\"@id\":\"https:\\\/\\\/secure.gravatar.com\\\/avatar\\\/f3b7ad3af540688955925ac610647be00b0cf41feea9c4978b73a707ee86bc53?s=96&d=mm&r=g\",\"url\":\"https:\\\/\\\/secure.gravatar.com\\\/avatar\\\/f3b7ad3af540688955925ac610647be00b0cf41feea9c4978b73a707ee86bc53?s=96&d=mm&r=g\",\"contentUrl\":\"https:\\\/\\\/secure.gravatar.com\\\/avatar\\\/f3b7ad3af540688955925ac610647be00b0cf41feea9c4978b73a707ee86bc53?s=96&d=mm&r=g\",\"caption\":\"El Informativo Tam\"}}]}<\/script>\n<!-- \/ Yoast SEO plugin. -->","yoast_head_json":{"title":"PONEN EN MARCHA EN ALTAMIRA OPERATIVO NAVIDAD SEGURA 2019 - EL INFORMATIVO DE TAMAULIPAS","description":"*El Secretario Del Ayuntamiento, Cuauht\u00e9moc Zaleta Alonso, Dio El Banderazo De Inicio De Este Dispositivo En El Que Intervienen M\u00e1s De 300 Elementos De","robots":{"index":"index","follow":"follow","max-snippet":"max-snippet:-1","max-image-preview":"max-image-preview:large","max-video-preview":"max-video-preview:-1"},"canonical":"https:\/\/elinformativotam.com\/index.php\/2019\/12\/17\/ponen-en-marcha-en-altamira-operativo-navidad-segura-2019\/","og_locale":"es_MX","og_type":"article","og_title":"PONEN EN MARCHA EN ALTAMIRA OPERATIVO NAVIDAD SEGURA 2019 - EL INFORMATIVO DE TAMAULIPAS","og_description":"*El Secretario Del Ayuntamiento, Cuauht\u00e9moc Zaleta Alonso, Dio El Banderazo De Inicio De Este Dispositivo En El Que Intervienen M\u00e1s De 300 Elementos De","og_url":"https:\/\/elinformativotam.com\/index.php\/2019\/12\/17\/ponen-en-marcha-en-altamira-operativo-navidad-segura-2019\/","og_site_name":"EL INFORMATIVO DE TAMAULIPAS","article_published_time":"2019-12-18T02:37:09+00:00","og_image":[{"url":"http:\/\/elinformativotam.com\/wp-content\/uploads\/2019\/12\/seguridad-1-300x200.jpg","type":"","width":"","height":""}],"author":"El Informativo Tam","twitter_card":"summary_large_image","twitter_misc":{"Escrito por":"El Informativo Tam","Tiempo de lectura":"3 minutos"},"schema":{"@context":"https:\/\/schema.org","@graph":[{"@type":"Article","@id":"https:\/\/elinformativotam.com\/index.php\/2019\/12\/17\/ponen-en-marcha-en-altamira-operativo-navidad-segura-2019\/#article","isPartOf":{"@id":"https:\/\/elinformativotam.com\/index.php\/2019\/12\/17\/ponen-en-marcha-en-altamira-operativo-navidad-segura-2019\/"},"author":{"name":"El Informativo Tam","@id":"https:\/\/elinformativotam.com\/#\/schema\/person\/78e08040eed0f6110f0c5f83b6153590"},"headline":"PONEN EN MARCHA EN ALTAMIRA OPERATIVO NAVIDAD SEGURA 2019","datePublished":"2019-12-18T02:37:09+00:00","mainEntityOfPage":{"@id":"https:\/\/elinformativotam.com\/index.php\/2019\/12\/17\/ponen-en-marcha-en-altamira-operativo-navidad-segura-2019\/"},"wordCount":645,"commentCount":0,"publisher":{"@id":"https:\/\/elinformativotam.com\/#organization"},"image":{"@id":"https:\/\/elinformativotam.com\/index.php\/2019\/12\/17\/ponen-en-marcha-en-altamira-operativo-navidad-segura-2019\/#primaryimage"},"thumbnailUrl":"http:\/\/elinformativotam.com\/wp-content\/uploads\/2019\/12\/seguridad-1-300x200.jpg","articleSection":["Altamira"],"inLanguage":"es","potentialAction":[{"@type":"CommentAction","name":"Comment","target":["https:\/\/elinformativotam.com\/index.php\/2019\/12\/17\/ponen-en-marcha-en-altamira-operativo-navidad-segura-2019\/#respond"]}]},{"@type":"WebPage","@id":"https:\/\/elinformativotam.com\/index.php\/2019\/12\/17\/ponen-en-marcha-en-altamira-operativo-navidad-segura-2019\/","url":"https:\/\/elinformativotam.com\/index.php\/2019\/12\/17\/ponen-en-marcha-en-altamira-operativo-navidad-segura-2019\/","name":"PONEN EN MARCHA EN ALTAMIRA OPERATIVO NAVIDAD SEGURA 2019 - EL INFORMATIVO DE TAMAULIPAS","isPartOf":{"@id":"https:\/\/elinformativotam.com\/#website"},"primaryImageOfPage":{"@id":"https:\/\/elinformativotam.com\/index.php\/2019\/12\/17\/ponen-en-marcha-en-altamira-operativo-navidad-segura-2019\/#primaryimage"},"image":{"@id":"https:\/\/elinformativotam.com\/index.php\/2019\/12\/17\/ponen-en-marcha-en-altamira-operativo-navidad-segura-2019\/#primaryimage"},"thumbnailUrl":"http:\/\/elinformativotam.com\/wp-content\/uploads\/2019\/12\/seguridad-1-300x200.jpg","datePublished":"2019-12-18T02:37:09+00:00","description":"*El Secretario Del Ayuntamiento, Cuauht\u00e9moc Zaleta Alonso, Dio El Banderazo De Inicio De Este Dispositivo En El Que Intervienen M\u00e1s De 300 Elementos De","inLanguage":"es","potentialAction":[{"@type":"ReadAction","target":["https:\/\/elinformativotam.com\/index.php\/2019\/12\/17\/ponen-en-marcha-en-altamira-operativo-navidad-segura-2019\/"]}]},{"@type":"ImageObject","inLanguage":"es","@id":"https:\/\/elinformativotam.com\/index.php\/2019\/12\/17\/ponen-en-marcha-en-altamira-operativo-navidad-segura-2019\/#primaryimage","url":"http:\/\/elinformativotam.com\/wp-content\/uploads\/2019\/12\/seguridad-1-300x200.jpg","contentUrl":"http:\/\/elinformativotam.com\/wp-content\/uploads\/2019\/12\/seguridad-1-300x200.jpg"},{"@type":"WebSite","@id":"https:\/\/elinformativotam.com\/#website","url":"https:\/\/elinformativotam.com\/","name":"EL INFORMATIVO DE TAMAULIPAS","description":"Desde la Zona Metropolitana Para Todo M\u00e9xico","publisher":{"@id":"https:\/\/elinformativotam.com\/#organization"},"potentialAction":[{"@type":"SearchAction","target":{"@type":"EntryPoint","urlTemplate":"https:\/\/elinformativotam.com\/?s={search_term_string}"},"query-input":{"@type":"PropertyValueSpecification","valueRequired":true,"valueName":"search_term_string"}}],"inLanguage":"es"},{"@type":"Organization","@id":"https:\/\/elinformativotam.com\/#organization","name":"EL INFORMATIVO DE TAMAULIPAS","url":"https:\/\/elinformativotam.com\/","logo":{"@type":"ImageObject","inLanguage":"es","@id":"https:\/\/elinformativotam.com\/#\/schema\/logo\/image\/","url":"https:\/\/elinformativotam.com\/wp-content\/uploads\/2026\/02\/Cabezal.png","contentUrl":"https:\/\/elinformativotam.com\/wp-content\/uploads\/2026\/02\/Cabezal.png","width":960,"height":640,"caption":"EL INFORMATIVO DE TAMAULIPAS"},"image":{"@id":"https:\/\/elinformativotam.com\/#\/schema\/logo\/image\/"}},{"@type":"Person","@id":"https:\/\/elinformativotam.com\/#\/schema\/person\/78e08040eed0f6110f0c5f83b6153590","name":"El Informativo Tam","image":{"@type":"ImageObject","inLanguage":"es","@id":"https:\/\/secure.gravatar.com\/avatar\/f3b7ad3af540688955925ac610647be00b0cf41feea9c4978b73a707ee86bc53?s=96&d=mm&r=g","url":"https:\/\/secure.gravatar.com\/avatar\/f3b7ad3af540688955925ac610647be00b0cf41feea9c4978b73a707ee86bc53?s=96&d=mm&r=g","contentUrl":"https:\/\/secure.gravatar.com\/avatar\/f3b7ad3af540688955925ac610647be00b0cf41feea9c4978b73a707ee86bc53?s=96&d=mm&r=g","caption":"El Informativo Tam"}}]}},"_links":{"self":[{"href":"https:\/\/elinformativotam.com\/index.php\/wp-json\/wp\/v2\/posts\/1164","targetHints":{"allow":["GET"]}}],"collection":[{"href":"https:\/\/elinformativotam.com\/index.php\/wp-json\/wp\/v2\/posts"}],"about":[{"href":"https:\/\/elinformativotam.com\/index.php\/wp-json\/wp\/v2\/types\/post"}],"author":[{"embeddable":true,"href":"https:\/\/elinformativotam.com\/index.php\/wp-json\/wp\/v2\/users\/1"}],"replies":[{"embeddable":true,"href":"https:\/\/elinformativotam.com\/index.php\/wp-json\/wp\/v2\/comments?post=1164"}],"version-history":[{"count":0,"href":"https:\/\/elinformativotam.com\/index.php\/wp-json\/wp\/v2\/posts\/1164\/revisions"}],"wp:attachment":[{"href":"https:\/\/elinformativotam.com\/index.php\/wp-json\/wp\/v2\/media?parent=1164"}],"wp:term":[{"taxonomy":"category","embeddable":true,"href":"https:\/\/elinformativotam.com\/index.php\/wp-json\/wp\/v2\/categories?post=1164"},{"taxonomy":"post_tag","embeddable":true,"href":"https:\/\/elinformativotam.com\/index.php\/wp-json\/wp\/v2\/tags?post=1164"}],"curies":[{"name":"wp","href":"https:\/\/api.w.org\/{rel}","templated":true}]}}