{"id":1068,"date":"2019-12-13T20:23:36","date_gmt":"2019-12-14T02:23:36","guid":{"rendered":"http:\/\/elinformativotam.com\/?p=1068"},"modified":"2019-12-13T20:23:36","modified_gmt":"2019-12-14T02:23:36","slug":"refuerza-adrian-oseguera-lazos-con-trabajadores-municipales-y-sus-familias","status":"publish","type":"post","link":"https:\/\/elinformativotam.com\/index.php\/2019\/12\/13\/refuerza-adrian-oseguera-lazos-con-trabajadores-municipales-y-sus-familias\/","title":{"rendered":"REFUERZA ADRI\u00c1N OSEGUERA LAZOS CON TRABAJADORES MUNICIPALES Y SUS FAMILIAS"},"content":{"rendered":"<h3><em><strong>* \u201cMe Siento Muy Orgulloso Como Alcalde De Contar Con Un Equipo As\u00ed\u201d: AOK.<\/strong><\/em><\/h3>\n<p>&nbsp;<\/p>\n<p>Al promover los valores y lazos de uni\u00f3n entre los trabajadores municipales de la urbe petrolera, asegur\u00f3 el alcalde Adri\u00e1n Oseguera Kernion, que son ellos, el pilar para cimentar un Gobierno fuerte, pr\u00f3spero y solidario para servir a la comunidad maderense.<\/p>\n<p>&nbsp;<\/p>\n<p>Lo anterior fue reiterado durante una reuni\u00f3n familiar de trabajadores de la Direcci\u00f3n de Servicios P\u00fablicos a quienes el Presidente Municipal reconoci\u00f3 por su f\u00e9rreo esfuerzo en el embellecimiento de la ciudad, en el marco de un Gobierno austero y transparente.<\/p>\n<p>&nbsp;<\/p>\n<p>\u201cCuando inici\u00f3 esta administraci\u00f3n nos encontramos con 700 toneladas de basura esparcidas por toda la ciudad; le hicimos frente con muy poquitos camiones de basura, incluso, algunos inservibles. Gracias al sacrificio y voluntad de todos ustedes en Servicios P\u00fablicos, logramos atender el problema en muy poco tiempo\u201d, expres\u00f3 el edil maderense.<\/p>\n<p><img loading=\"lazy\" decoding=\"async\" class=\"alignnone  wp-image-1070\" src=\"https:\/\/elinformativotam.com\/wp-content\/uploads\/2019\/12\/oseguera-6-300x216.jpg\" alt=\"\" width=\"1086\" height=\"782\" \/><\/p>\n<p>Adem\u00e1s, asegur\u00f3 Oseguera Kernion, que importantes proyectos vienen para Ciudad Madero durante el 2020, entre ellos, el aumento de flotilla de camiones recolectores, as\u00ed como la adquisici\u00f3n de equipamiento para acelerar los trabajos en el embellecimiento de la urbe petrolera.<\/p>\n<p>&nbsp;<\/p>\n<p>Asimismo, asegur\u00f3 que al presidir un Gobierno sensible, permanecer\u00e1 cercano a todos los trabajadores del Ayuntamiento maderense para seguir forjando juntos, un equipo que responda de inmediato a las demandas de todas las familias maderenses.<\/p>\n<p>&nbsp;<\/p>\n<p>\u201cMe siento muy orgulloso como alcalde de contar con un equipo as\u00ed con el que seguir\u00e9 trabajando por m\u00e1s y mejores resultados. En nombre m\u00edo, de mi familia y de todo el Gobierno Municipal, les deseo una muy feliz navidad y que el pr\u00f3ximo a\u00f1o est\u00e9 lleno de salud y bendiciones. Sigamos as\u00ed de unidos por un Madero pr\u00f3spero\u201d, finaliz\u00f3 el mun\u00edcipe.<\/p>\n","protected":false},"excerpt":{"rendered":"<p>* \u201cMe Siento Muy Orgulloso Como Alcalde De Contar Con Un Equipo As\u00ed\u201d: AOK. &nbsp; Al promover los valores y&hellip;<\/p>\n","protected":false},"author":1,"featured_media":0,"comment_status":"open","ping_status":"open","sticky":false,"template":"","format":"standard","meta":{"footnotes":""},"categories":[4],"tags":[],"class_list":["post-1068","post","type-post","status-publish","format-standard","hentry","category-madero"],"yoast_head":"<!-- This site is optimized with the Yoast SEO plugin v27.5 - https:\/\/yoast.com\/product\/yoast-seo-wordpress\/ -->\n<title>REFUERZA ADRI\u00c1N OSEGUERA LAZOS CON TRABAJADORES MUNICIPALES Y SUS FAMILIAS - EL INFORMATIVO DE TAMAULIPAS<\/title>\n<meta name=\"description\" content=\"* \u201cMe Siento Muy Orgulloso Como Alcalde De Contar Con Un Equipo As\u00ed\u201d: AOK. &nbsp; Al promover los valores y lazos de uni\u00f3n entre los trabajadores\" \/>\n<meta name=\"robots\" content=\"index, follow, max-snippet:-1, max-image-preview:large, max-video-preview:-1\" \/>\n<link rel=\"canonical\" href=\"https:\/\/elinformativotam.com\/index.php\/2019\/12\/13\/refuerza-adrian-oseguera-lazos-con-trabajadores-municipales-y-sus-familias\/\" \/>\n<meta property=\"og:locale\" content=\"es_MX\" \/>\n<meta property=\"og:type\" content=\"article\" \/>\n<meta property=\"og:title\" content=\"REFUERZA ADRI\u00c1N OSEGUERA LAZOS CON TRABAJADORES MUNICIPALES Y SUS FAMILIAS - EL INFORMATIVO DE TAMAULIPAS\" \/>\n<meta property=\"og:description\" content=\"* \u201cMe Siento Muy Orgulloso Como Alcalde De Contar Con Un Equipo As\u00ed\u201d: AOK. &nbsp; Al promover los valores y lazos de uni\u00f3n entre los trabajadores\" \/>\n<meta property=\"og:url\" content=\"https:\/\/elinformativotam.com\/index.php\/2019\/12\/13\/refuerza-adrian-oseguera-lazos-con-trabajadores-municipales-y-sus-familias\/\" \/>\n<meta property=\"og:site_name\" content=\"EL INFORMATIVO DE TAMAULIPAS\" \/>\n<meta property=\"article:published_time\" content=\"2019-12-14T02:23:36+00:00\" \/>\n<meta property=\"og:image\" content=\"http:\/\/elinformativotam.com\/wp-content\/uploads\/2019\/12\/oseguera-6-300x216.jpg\" \/>\n<meta name=\"author\" content=\"El Informativo Tam\" \/>\n<meta name=\"twitter:card\" content=\"summary_large_image\" \/>\n<meta name=\"twitter:label1\" content=\"Escrito por\" \/>\n\t<meta name=\"twitter:data1\" content=\"El Informativo Tam\" \/>\n\t<meta name=\"twitter:label2\" content=\"Tiempo de lectura\" \/>\n\t<meta name=\"twitter:data2\" content=\"2 minutos\" \/>\n<script type=\"application\/ld+json\" class=\"yoast-schema-graph\">{\"@context\":\"https:\\\/\\\/schema.org\",\"@graph\":[{\"@type\":\"Article\",\"@id\":\"https:\\\/\\\/elinformativotam.com\\\/index.php\\\/2019\\\/12\\\/13\\\/refuerza-adrian-oseguera-lazos-con-trabajadores-municipales-y-sus-familias\\\/#article\",\"isPartOf\":{\"@id\":\"https:\\\/\\\/elinformativotam.com\\\/index.php\\\/2019\\\/12\\\/13\\\/refuerza-adrian-oseguera-lazos-con-trabajadores-municipales-y-sus-familias\\\/\"},\"author\":{\"name\":\"El Informativo Tam\",\"@id\":\"https:\\\/\\\/elinformativotam.com\\\/#\\\/schema\\\/person\\\/78e08040eed0f6110f0c5f83b6153590\"},\"headline\":\"REFUERZA ADRI\u00c1N OSEGUERA LAZOS CON TRABAJADORES MUNICIPALES Y SUS FAMILIAS\",\"datePublished\":\"2019-12-14T02:23:36+00:00\",\"mainEntityOfPage\":{\"@id\":\"https:\\\/\\\/elinformativotam.com\\\/index.php\\\/2019\\\/12\\\/13\\\/refuerza-adrian-oseguera-lazos-con-trabajadores-municipales-y-sus-familias\\\/\"},\"wordCount\":314,\"commentCount\":0,\"publisher\":{\"@id\":\"https:\\\/\\\/elinformativotam.com\\\/#organization\"},\"image\":{\"@id\":\"https:\\\/\\\/elinformativotam.com\\\/index.php\\\/2019\\\/12\\\/13\\\/refuerza-adrian-oseguera-lazos-con-trabajadores-municipales-y-sus-familias\\\/#primaryimage\"},\"thumbnailUrl\":\"http:\\\/\\\/elinformativotam.com\\\/wp-content\\\/uploads\\\/2019\\\/12\\\/oseguera-6-300x216.jpg\",\"articleSection\":[\"Cd Madero\"],\"inLanguage\":\"es\",\"potentialAction\":[{\"@type\":\"CommentAction\",\"name\":\"Comment\",\"target\":[\"https:\\\/\\\/elinformativotam.com\\\/index.php\\\/2019\\\/12\\\/13\\\/refuerza-adrian-oseguera-lazos-con-trabajadores-municipales-y-sus-familias\\\/#respond\"]}]},{\"@type\":\"WebPage\",\"@id\":\"https:\\\/\\\/elinformativotam.com\\\/index.php\\\/2019\\\/12\\\/13\\\/refuerza-adrian-oseguera-lazos-con-trabajadores-municipales-y-sus-familias\\\/\",\"url\":\"https:\\\/\\\/elinformativotam.com\\\/index.php\\\/2019\\\/12\\\/13\\\/refuerza-adrian-oseguera-lazos-con-trabajadores-municipales-y-sus-familias\\\/\",\"name\":\"REFUERZA ADRI\u00c1N OSEGUERA LAZOS CON TRABAJADORES MUNICIPALES Y SUS FAMILIAS - EL INFORMATIVO DE TAMAULIPAS\",\"isPartOf\":{\"@id\":\"https:\\\/\\\/elinformativotam.com\\\/#website\"},\"primaryImageOfPage\":{\"@id\":\"https:\\\/\\\/elinformativotam.com\\\/index.php\\\/2019\\\/12\\\/13\\\/refuerza-adrian-oseguera-lazos-con-trabajadores-municipales-y-sus-familias\\\/#primaryimage\"},\"image\":{\"@id\":\"https:\\\/\\\/elinformativotam.com\\\/index.php\\\/2019\\\/12\\\/13\\\/refuerza-adrian-oseguera-lazos-con-trabajadores-municipales-y-sus-familias\\\/#primaryimage\"},\"thumbnailUrl\":\"http:\\\/\\\/elinformativotam.com\\\/wp-content\\\/uploads\\\/2019\\\/12\\\/oseguera-6-300x216.jpg\",\"datePublished\":\"2019-12-14T02:23:36+00:00\",\"description\":\"* \u201cMe Siento Muy Orgulloso Como Alcalde De Contar Con Un Equipo As\u00ed\u201d: AOK. &nbsp; Al promover los valores y lazos de uni\u00f3n entre los trabajadores\",\"inLanguage\":\"es\",\"potentialAction\":[{\"@type\":\"ReadAction\",\"target\":[\"https:\\\/\\\/elinformativotam.com\\\/index.php\\\/2019\\\/12\\\/13\\\/refuerza-adrian-oseguera-lazos-con-trabajadores-municipales-y-sus-familias\\\/\"]}]},{\"@type\":\"ImageObject\",\"inLanguage\":\"es\",\"@id\":\"https:\\\/\\\/elinformativotam.com\\\/index.php\\\/2019\\\/12\\\/13\\\/refuerza-adrian-oseguera-lazos-con-trabajadores-municipales-y-sus-familias\\\/#primaryimage\",\"url\":\"http:\\\/\\\/elinformativotam.com\\\/wp-content\\\/uploads\\\/2019\\\/12\\\/oseguera-6-300x216.jpg\",\"contentUrl\":\"http:\\\/\\\/elinformativotam.com\\\/wp-content\\\/uploads\\\/2019\\\/12\\\/oseguera-6-300x216.jpg\"},{\"@type\":\"WebSite\",\"@id\":\"https:\\\/\\\/elinformativotam.com\\\/#website\",\"url\":\"https:\\\/\\\/elinformativotam.com\\\/\",\"name\":\"EL INFORMATIVO DE TAMAULIPAS\",\"description\":\"Desde la Zona Metropolitana Para Todo M\u00e9xico\",\"publisher\":{\"@id\":\"https:\\\/\\\/elinformativotam.com\\\/#organization\"},\"potentialAction\":[{\"@type\":\"SearchAction\",\"target\":{\"@type\":\"EntryPoint\",\"urlTemplate\":\"https:\\\/\\\/elinformativotam.com\\\/?s={search_term_string}\"},\"query-input\":{\"@type\":\"PropertyValueSpecification\",\"valueRequired\":true,\"valueName\":\"search_term_string\"}}],\"inLanguage\":\"es\"},{\"@type\":\"Organization\",\"@id\":\"https:\\\/\\\/elinformativotam.com\\\/#organization\",\"name\":\"EL INFORMATIVO DE TAMAULIPAS\",\"url\":\"https:\\\/\\\/elinformativotam.com\\\/\",\"logo\":{\"@type\":\"ImageObject\",\"inLanguage\":\"es\",\"@id\":\"https:\\\/\\\/elinformativotam.com\\\/#\\\/schema\\\/logo\\\/image\\\/\",\"url\":\"https:\\\/\\\/elinformativotam.com\\\/wp-content\\\/uploads\\\/2026\\\/02\\\/Cabezal.png\",\"contentUrl\":\"https:\\\/\\\/elinformativotam.com\\\/wp-content\\\/uploads\\\/2026\\\/02\\\/Cabezal.png\",\"width\":960,\"height\":640,\"caption\":\"EL INFORMATIVO DE TAMAULIPAS\"},\"image\":{\"@id\":\"https:\\\/\\\/elinformativotam.com\\\/#\\\/schema\\\/logo\\\/image\\\/\"}},{\"@type\":\"Person\",\"@id\":\"https:\\\/\\\/elinformativotam.com\\\/#\\\/schema\\\/person\\\/78e08040eed0f6110f0c5f83b6153590\",\"name\":\"El Informativo Tam\",\"image\":{\"@type\":\"ImageObject\",\"inLanguage\":\"es\",\"@id\":\"https:\\\/\\\/secure.gravatar.com\\\/avatar\\\/f3b7ad3af540688955925ac610647be00b0cf41feea9c4978b73a707ee86bc53?s=96&d=mm&r=g\",\"url\":\"https:\\\/\\\/secure.gravatar.com\\\/avatar\\\/f3b7ad3af540688955925ac610647be00b0cf41feea9c4978b73a707ee86bc53?s=96&d=mm&r=g\",\"contentUrl\":\"https:\\\/\\\/secure.gravatar.com\\\/avatar\\\/f3b7ad3af540688955925ac610647be00b0cf41feea9c4978b73a707ee86bc53?s=96&d=mm&r=g\",\"caption\":\"El Informativo Tam\"}}]}<\/script>\n<!-- \/ Yoast SEO plugin. -->","yoast_head_json":{"title":"REFUERZA ADRI\u00c1N OSEGUERA LAZOS CON TRABAJADORES MUNICIPALES Y SUS FAMILIAS - EL INFORMATIVO DE TAMAULIPAS","description":"* \u201cMe Siento Muy Orgulloso Como Alcalde De Contar Con Un Equipo As\u00ed\u201d: AOK. &nbsp; Al promover los valores y lazos de uni\u00f3n entre los trabajadores","robots":{"index":"index","follow":"follow","max-snippet":"max-snippet:-1","max-image-preview":"max-image-preview:large","max-video-preview":"max-video-preview:-1"},"canonical":"https:\/\/elinformativotam.com\/index.php\/2019\/12\/13\/refuerza-adrian-oseguera-lazos-con-trabajadores-municipales-y-sus-familias\/","og_locale":"es_MX","og_type":"article","og_title":"REFUERZA ADRI\u00c1N OSEGUERA LAZOS CON TRABAJADORES MUNICIPALES Y SUS FAMILIAS - EL INFORMATIVO DE TAMAULIPAS","og_description":"* \u201cMe Siento Muy Orgulloso Como Alcalde De Contar Con Un Equipo As\u00ed\u201d: AOK. &nbsp; Al promover los valores y lazos de uni\u00f3n entre los trabajadores","og_url":"https:\/\/elinformativotam.com\/index.php\/2019\/12\/13\/refuerza-adrian-oseguera-lazos-con-trabajadores-municipales-y-sus-familias\/","og_site_name":"EL INFORMATIVO DE TAMAULIPAS","article_published_time":"2019-12-14T02:23:36+00:00","og_image":[{"url":"http:\/\/elinformativotam.com\/wp-content\/uploads\/2019\/12\/oseguera-6-300x216.jpg","type":"","width":"","height":""}],"author":"El Informativo Tam","twitter_card":"summary_large_image","twitter_misc":{"Escrito por":"El Informativo Tam","Tiempo de lectura":"2 minutos"},"schema":{"@context":"https:\/\/schema.org","@graph":[{"@type":"Article","@id":"https:\/\/elinformativotam.com\/index.php\/2019\/12\/13\/refuerza-adrian-oseguera-lazos-con-trabajadores-municipales-y-sus-familias\/#article","isPartOf":{"@id":"https:\/\/elinformativotam.com\/index.php\/2019\/12\/13\/refuerza-adrian-oseguera-lazos-con-trabajadores-municipales-y-sus-familias\/"},"author":{"name":"El Informativo Tam","@id":"https:\/\/elinformativotam.com\/#\/schema\/person\/78e08040eed0f6110f0c5f83b6153590"},"headline":"REFUERZA ADRI\u00c1N OSEGUERA LAZOS CON TRABAJADORES MUNICIPALES Y SUS FAMILIAS","datePublished":"2019-12-14T02:23:36+00:00","mainEntityOfPage":{"@id":"https:\/\/elinformativotam.com\/index.php\/2019\/12\/13\/refuerza-adrian-oseguera-lazos-con-trabajadores-municipales-y-sus-familias\/"},"wordCount":314,"commentCount":0,"publisher":{"@id":"https:\/\/elinformativotam.com\/#organization"},"image":{"@id":"https:\/\/elinformativotam.com\/index.php\/2019\/12\/13\/refuerza-adrian-oseguera-lazos-con-trabajadores-municipales-y-sus-familias\/#primaryimage"},"thumbnailUrl":"http:\/\/elinformativotam.com\/wp-content\/uploads\/2019\/12\/oseguera-6-300x216.jpg","articleSection":["Cd Madero"],"inLanguage":"es","potentialAction":[{"@type":"CommentAction","name":"Comment","target":["https:\/\/elinformativotam.com\/index.php\/2019\/12\/13\/refuerza-adrian-oseguera-lazos-con-trabajadores-municipales-y-sus-familias\/#respond"]}]},{"@type":"WebPage","@id":"https:\/\/elinformativotam.com\/index.php\/2019\/12\/13\/refuerza-adrian-oseguera-lazos-con-trabajadores-municipales-y-sus-familias\/","url":"https:\/\/elinformativotam.com\/index.php\/2019\/12\/13\/refuerza-adrian-oseguera-lazos-con-trabajadores-municipales-y-sus-familias\/","name":"REFUERZA ADRI\u00c1N OSEGUERA LAZOS CON TRABAJADORES MUNICIPALES Y SUS FAMILIAS - EL INFORMATIVO DE TAMAULIPAS","isPartOf":{"@id":"https:\/\/elinformativotam.com\/#website"},"primaryImageOfPage":{"@id":"https:\/\/elinformativotam.com\/index.php\/2019\/12\/13\/refuerza-adrian-oseguera-lazos-con-trabajadores-municipales-y-sus-familias\/#primaryimage"},"image":{"@id":"https:\/\/elinformativotam.com\/index.php\/2019\/12\/13\/refuerza-adrian-oseguera-lazos-con-trabajadores-municipales-y-sus-familias\/#primaryimage"},"thumbnailUrl":"http:\/\/elinformativotam.com\/wp-content\/uploads\/2019\/12\/oseguera-6-300x216.jpg","datePublished":"2019-12-14T02:23:36+00:00","description":"* \u201cMe Siento Muy Orgulloso Como Alcalde De Contar Con Un Equipo As\u00ed\u201d: AOK. &nbsp; Al promover los valores y lazos de uni\u00f3n entre los trabajadores","inLanguage":"es","potentialAction":[{"@type":"ReadAction","target":["https:\/\/elinformativotam.com\/index.php\/2019\/12\/13\/refuerza-adrian-oseguera-lazos-con-trabajadores-municipales-y-sus-familias\/"]}]},{"@type":"ImageObject","inLanguage":"es","@id":"https:\/\/elinformativotam.com\/index.php\/2019\/12\/13\/refuerza-adrian-oseguera-lazos-con-trabajadores-municipales-y-sus-familias\/#primaryimage","url":"http:\/\/elinformativotam.com\/wp-content\/uploads\/2019\/12\/oseguera-6-300x216.jpg","contentUrl":"http:\/\/elinformativotam.com\/wp-content\/uploads\/2019\/12\/oseguera-6-300x216.jpg"},{"@type":"WebSite","@id":"https:\/\/elinformativotam.com\/#website","url":"https:\/\/elinformativotam.com\/","name":"EL INFORMATIVO DE TAMAULIPAS","description":"Desde la Zona Metropolitana Para Todo M\u00e9xico","publisher":{"@id":"https:\/\/elinformativotam.com\/#organization"},"potentialAction":[{"@type":"SearchAction","target":{"@type":"EntryPoint","urlTemplate":"https:\/\/elinformativotam.com\/?s={search_term_string}"},"query-input":{"@type":"PropertyValueSpecification","valueRequired":true,"valueName":"search_term_string"}}],"inLanguage":"es"},{"@type":"Organization","@id":"https:\/\/elinformativotam.com\/#organization","name":"EL INFORMATIVO DE TAMAULIPAS","url":"https:\/\/elinformativotam.com\/","logo":{"@type":"ImageObject","inLanguage":"es","@id":"https:\/\/elinformativotam.com\/#\/schema\/logo\/image\/","url":"https:\/\/elinformativotam.com\/wp-content\/uploads\/2026\/02\/Cabezal.png","contentUrl":"https:\/\/elinformativotam.com\/wp-content\/uploads\/2026\/02\/Cabezal.png","width":960,"height":640,"caption":"EL INFORMATIVO DE TAMAULIPAS"},"image":{"@id":"https:\/\/elinformativotam.com\/#\/schema\/logo\/image\/"}},{"@type":"Person","@id":"https:\/\/elinformativotam.com\/#\/schema\/person\/78e08040eed0f6110f0c5f83b6153590","name":"El Informativo Tam","image":{"@type":"ImageObject","inLanguage":"es","@id":"https:\/\/secure.gravatar.com\/avatar\/f3b7ad3af540688955925ac610647be00b0cf41feea9c4978b73a707ee86bc53?s=96&d=mm&r=g","url":"https:\/\/secure.gravatar.com\/avatar\/f3b7ad3af540688955925ac610647be00b0cf41feea9c4978b73a707ee86bc53?s=96&d=mm&r=g","contentUrl":"https:\/\/secure.gravatar.com\/avatar\/f3b7ad3af540688955925ac610647be00b0cf41feea9c4978b73a707ee86bc53?s=96&d=mm&r=g","caption":"El Informativo Tam"}}]}},"_links":{"self":[{"href":"https:\/\/elinformativotam.com\/index.php\/wp-json\/wp\/v2\/posts\/1068","targetHints":{"allow":["GET"]}}],"collection":[{"href":"https:\/\/elinformativotam.com\/index.php\/wp-json\/wp\/v2\/posts"}],"about":[{"href":"https:\/\/elinformativotam.com\/index.php\/wp-json\/wp\/v2\/types\/post"}],"author":[{"embeddable":true,"href":"https:\/\/elinformativotam.com\/index.php\/wp-json\/wp\/v2\/users\/1"}],"replies":[{"embeddable":true,"href":"https:\/\/elinformativotam.com\/index.php\/wp-json\/wp\/v2\/comments?post=1068"}],"version-history":[{"count":0,"href":"https:\/\/elinformativotam.com\/index.php\/wp-json\/wp\/v2\/posts\/1068\/revisions"}],"wp:attachment":[{"href":"https:\/\/elinformativotam.com\/index.php\/wp-json\/wp\/v2\/media?parent=1068"}],"wp:term":[{"taxonomy":"category","embeddable":true,"href":"https:\/\/elinformativotam.com\/index.php\/wp-json\/wp\/v2\/categories?post=1068"},{"taxonomy":"post_tag","embeddable":true,"href":"https:\/\/elinformativotam.com\/index.php\/wp-json\/wp\/v2\/tags?post=1068"}],"curies":[{"name":"wp","href":"https:\/\/api.w.org\/{rel}","templated":true}]}}