{"id":1062,"date":"2019-12-13T20:09:49","date_gmt":"2019-12-14T02:09:49","guid":{"rendered":"http:\/\/elinformativotam.com\/?p=1062"},"modified":"2019-12-13T20:09:49","modified_gmt":"2019-12-14T02:09:49","slug":"madero-promueve-playa-miramar-como-paseo-sustentable","status":"publish","type":"post","link":"https:\/\/elinformativotam.com\/index.php\/2019\/12\/13\/madero-promueve-playa-miramar-como-paseo-sustentable\/","title":{"rendered":"MADERO PROMUEVE PLAYA MIRAMAR COMO PASEO SUSTENTABLE"},"content":{"rendered":"<h3><em><strong>*Sandra Ibarra G\u00f3mez, Se\u00f1al\u00f3 Que El Prop\u00f3sito De Esta Iniciativa Es Reducir El Uso Excesivo De Los Desechables.<\/strong><\/em><\/h3>\n<p>&nbsp;<\/p>\n<p>Dentro de las acciones para que playa Miramar sea un paseo tur\u00edstico sustentable, el Gobierno de Ciudad Madero, encabezado por el alcalde Adri\u00e1n Oseguera Kernion y la empresa \u201cReusables\u201d unen esfuerzos para invitar a los visitantes a utilizar vasos y platos reutilizables, en lugar de pl\u00e1sticos y unicel de un s\u00f3lo uso.<\/p>\n<p>&nbsp;<\/p>\n<p>En ese sentido, a partir de este domingo 15 de diciembre, los paseantes tendr\u00e1n la opci\u00f3n de rentar este tipo de insumos en el m\u00f3dulo de atenci\u00f3n tur\u00edstica que se localiza en la plaza Gobernadores, el cual estar\u00e1 abierto en horario de 10 de la ma\u00f1ana a 4 de la tarde, todos los domingos.<\/p>\n<p>&nbsp;<\/p>\n<p>La directora de Turismo, Sandra Ibarra G\u00f3mez, se\u00f1al\u00f3 que el prop\u00f3sito de esta iniciativa es reducir el uso excesivo de los desechables que no son nada amigables con el medio ambiente, por lo que se est\u00e1 brindando esa opci\u00f3n a la ciudadan\u00eda de rentar platos y vasos durante su estancia en playa Miramar, los cuales entregar\u00e1n en el m\u00f3dulo al finalizar el paseo.<\/p>\n<p>&nbsp;<\/p>\n<p>Mencion\u00f3 que en esta actividad participa la Direcci\u00f3n de Playa en coordinaci\u00f3n con \u201cReusables\u201d, cuyo lema es \u201cUstedes los usan, nosotros los lavamos\u201d, esper\u00e1ndose una importante participaci\u00f3n de la ciudadan\u00eda preocupada por el cuidado de nuestro planeta.<\/p>\n","protected":false},"excerpt":{"rendered":"<p>*Sandra Ibarra G\u00f3mez, Se\u00f1al\u00f3 Que El Prop\u00f3sito De Esta Iniciativa Es Reducir El Uso Excesivo De Los Desechables. &nbsp; Dentro&hellip;<\/p>\n","protected":false},"author":1,"featured_media":0,"comment_status":"open","ping_status":"open","sticky":false,"template":"","format":"standard","meta":{"footnotes":""},"categories":[4],"tags":[],"class_list":["post-1062","post","type-post","status-publish","format-standard","hentry","category-madero"],"yoast_head":"<!-- This site is optimized with the Yoast SEO plugin v27.5 - https:\/\/yoast.com\/product\/yoast-seo-wordpress\/ -->\n<title>MADERO PROMUEVE PLAYA MIRAMAR COMO PASEO SUSTENTABLE - EL INFORMATIVO DE TAMAULIPAS<\/title>\n<meta name=\"description\" content=\"*Sandra Ibarra G\u00f3mez, Se\u00f1al\u00f3 Que El Prop\u00f3sito De Esta Iniciativa Es Reducir El Uso Excesivo De Los Desechables. &nbsp; Dentro de las acciones para que\" \/>\n<meta name=\"robots\" content=\"index, follow, max-snippet:-1, max-image-preview:large, max-video-preview:-1\" \/>\n<link rel=\"canonical\" href=\"https:\/\/elinformativotam.com\/index.php\/2019\/12\/13\/madero-promueve-playa-miramar-como-paseo-sustentable\/\" \/>\n<meta property=\"og:locale\" content=\"es_MX\" \/>\n<meta property=\"og:type\" content=\"article\" \/>\n<meta property=\"og:title\" content=\"MADERO PROMUEVE PLAYA MIRAMAR COMO PASEO SUSTENTABLE - EL INFORMATIVO DE TAMAULIPAS\" \/>\n<meta property=\"og:description\" content=\"*Sandra Ibarra G\u00f3mez, Se\u00f1al\u00f3 Que El Prop\u00f3sito De Esta Iniciativa Es Reducir El Uso Excesivo De Los Desechables. &nbsp; Dentro de las acciones para que\" \/>\n<meta property=\"og:url\" content=\"https:\/\/elinformativotam.com\/index.php\/2019\/12\/13\/madero-promueve-playa-miramar-como-paseo-sustentable\/\" \/>\n<meta property=\"og:site_name\" content=\"EL INFORMATIVO DE TAMAULIPAS\" \/>\n<meta property=\"article:published_time\" content=\"2019-12-14T02:09:49+00:00\" \/>\n<meta name=\"author\" content=\"El Informativo Tam\" \/>\n<meta name=\"twitter:card\" content=\"summary_large_image\" \/>\n<meta name=\"twitter:label1\" content=\"Escrito por\" \/>\n\t<meta name=\"twitter:data1\" content=\"El Informativo Tam\" \/>\n\t<meta name=\"twitter:label2\" content=\"Tiempo de lectura\" \/>\n\t<meta name=\"twitter:data2\" content=\"1 minuto\" \/>\n<script type=\"application\/ld+json\" class=\"yoast-schema-graph\">{\"@context\":\"https:\\\/\\\/schema.org\",\"@graph\":[{\"@type\":\"Article\",\"@id\":\"https:\\\/\\\/elinformativotam.com\\\/index.php\\\/2019\\\/12\\\/13\\\/madero-promueve-playa-miramar-como-paseo-sustentable\\\/#article\",\"isPartOf\":{\"@id\":\"https:\\\/\\\/elinformativotam.com\\\/index.php\\\/2019\\\/12\\\/13\\\/madero-promueve-playa-miramar-como-paseo-sustentable\\\/\"},\"author\":{\"name\":\"El Informativo Tam\",\"@id\":\"https:\\\/\\\/elinformativotam.com\\\/#\\\/schema\\\/person\\\/78e08040eed0f6110f0c5f83b6153590\"},\"headline\":\"MADERO PROMUEVE PLAYA MIRAMAR COMO PASEO SUSTENTABLE\",\"datePublished\":\"2019-12-14T02:09:49+00:00\",\"mainEntityOfPage\":{\"@id\":\"https:\\\/\\\/elinformativotam.com\\\/index.php\\\/2019\\\/12\\\/13\\\/madero-promueve-playa-miramar-como-paseo-sustentable\\\/\"},\"wordCount\":257,\"commentCount\":0,\"publisher\":{\"@id\":\"https:\\\/\\\/elinformativotam.com\\\/#organization\"},\"articleSection\":[\"Cd Madero\"],\"inLanguage\":\"es\",\"potentialAction\":[{\"@type\":\"CommentAction\",\"name\":\"Comment\",\"target\":[\"https:\\\/\\\/elinformativotam.com\\\/index.php\\\/2019\\\/12\\\/13\\\/madero-promueve-playa-miramar-como-paseo-sustentable\\\/#respond\"]}]},{\"@type\":\"WebPage\",\"@id\":\"https:\\\/\\\/elinformativotam.com\\\/index.php\\\/2019\\\/12\\\/13\\\/madero-promueve-playa-miramar-como-paseo-sustentable\\\/\",\"url\":\"https:\\\/\\\/elinformativotam.com\\\/index.php\\\/2019\\\/12\\\/13\\\/madero-promueve-playa-miramar-como-paseo-sustentable\\\/\",\"name\":\"MADERO PROMUEVE PLAYA MIRAMAR COMO PASEO SUSTENTABLE - EL INFORMATIVO DE TAMAULIPAS\",\"isPartOf\":{\"@id\":\"https:\\\/\\\/elinformativotam.com\\\/#website\"},\"datePublished\":\"2019-12-14T02:09:49+00:00\",\"description\":\"*Sandra Ibarra G\u00f3mez, Se\u00f1al\u00f3 Que El Prop\u00f3sito De Esta Iniciativa Es Reducir El Uso Excesivo De Los Desechables. &nbsp; Dentro de las acciones para que\",\"inLanguage\":\"es\",\"potentialAction\":[{\"@type\":\"ReadAction\",\"target\":[\"https:\\\/\\\/elinformativotam.com\\\/index.php\\\/2019\\\/12\\\/13\\\/madero-promueve-playa-miramar-como-paseo-sustentable\\\/\"]}]},{\"@type\":\"WebSite\",\"@id\":\"https:\\\/\\\/elinformativotam.com\\\/#website\",\"url\":\"https:\\\/\\\/elinformativotam.com\\\/\",\"name\":\"EL INFORMATIVO DE TAMAULIPAS\",\"description\":\"Desde la Zona Metropolitana Para Todo M\u00e9xico\",\"publisher\":{\"@id\":\"https:\\\/\\\/elinformativotam.com\\\/#organization\"},\"potentialAction\":[{\"@type\":\"SearchAction\",\"target\":{\"@type\":\"EntryPoint\",\"urlTemplate\":\"https:\\\/\\\/elinformativotam.com\\\/?s={search_term_string}\"},\"query-input\":{\"@type\":\"PropertyValueSpecification\",\"valueRequired\":true,\"valueName\":\"search_term_string\"}}],\"inLanguage\":\"es\"},{\"@type\":\"Organization\",\"@id\":\"https:\\\/\\\/elinformativotam.com\\\/#organization\",\"name\":\"EL INFORMATIVO DE TAMAULIPAS\",\"url\":\"https:\\\/\\\/elinformativotam.com\\\/\",\"logo\":{\"@type\":\"ImageObject\",\"inLanguage\":\"es\",\"@id\":\"https:\\\/\\\/elinformativotam.com\\\/#\\\/schema\\\/logo\\\/image\\\/\",\"url\":\"https:\\\/\\\/elinformativotam.com\\\/wp-content\\\/uploads\\\/2026\\\/02\\\/Cabezal.png\",\"contentUrl\":\"https:\\\/\\\/elinformativotam.com\\\/wp-content\\\/uploads\\\/2026\\\/02\\\/Cabezal.png\",\"width\":960,\"height\":640,\"caption\":\"EL INFORMATIVO DE TAMAULIPAS\"},\"image\":{\"@id\":\"https:\\\/\\\/elinformativotam.com\\\/#\\\/schema\\\/logo\\\/image\\\/\"}},{\"@type\":\"Person\",\"@id\":\"https:\\\/\\\/elinformativotam.com\\\/#\\\/schema\\\/person\\\/78e08040eed0f6110f0c5f83b6153590\",\"name\":\"El Informativo Tam\",\"image\":{\"@type\":\"ImageObject\",\"inLanguage\":\"es\",\"@id\":\"https:\\\/\\\/secure.gravatar.com\\\/avatar\\\/f3b7ad3af540688955925ac610647be00b0cf41feea9c4978b73a707ee86bc53?s=96&d=mm&r=g\",\"url\":\"https:\\\/\\\/secure.gravatar.com\\\/avatar\\\/f3b7ad3af540688955925ac610647be00b0cf41feea9c4978b73a707ee86bc53?s=96&d=mm&r=g\",\"contentUrl\":\"https:\\\/\\\/secure.gravatar.com\\\/avatar\\\/f3b7ad3af540688955925ac610647be00b0cf41feea9c4978b73a707ee86bc53?s=96&d=mm&r=g\",\"caption\":\"El Informativo Tam\"}}]}<\/script>\n<!-- \/ Yoast SEO plugin. -->","yoast_head_json":{"title":"MADERO PROMUEVE PLAYA MIRAMAR COMO PASEO SUSTENTABLE - EL INFORMATIVO DE TAMAULIPAS","description":"*Sandra Ibarra G\u00f3mez, Se\u00f1al\u00f3 Que El Prop\u00f3sito De Esta Iniciativa Es Reducir El Uso Excesivo De Los Desechables. &nbsp; Dentro de las acciones para que","robots":{"index":"index","follow":"follow","max-snippet":"max-snippet:-1","max-image-preview":"max-image-preview:large","max-video-preview":"max-video-preview:-1"},"canonical":"https:\/\/elinformativotam.com\/index.php\/2019\/12\/13\/madero-promueve-playa-miramar-como-paseo-sustentable\/","og_locale":"es_MX","og_type":"article","og_title":"MADERO PROMUEVE PLAYA MIRAMAR COMO PASEO SUSTENTABLE - EL INFORMATIVO DE TAMAULIPAS","og_description":"*Sandra Ibarra G\u00f3mez, Se\u00f1al\u00f3 Que El Prop\u00f3sito De Esta Iniciativa Es Reducir El Uso Excesivo De Los Desechables. &nbsp; Dentro de las acciones para que","og_url":"https:\/\/elinformativotam.com\/index.php\/2019\/12\/13\/madero-promueve-playa-miramar-como-paseo-sustentable\/","og_site_name":"EL INFORMATIVO DE TAMAULIPAS","article_published_time":"2019-12-14T02:09:49+00:00","author":"El Informativo Tam","twitter_card":"summary_large_image","twitter_misc":{"Escrito por":"El Informativo Tam","Tiempo de lectura":"1 minuto"},"schema":{"@context":"https:\/\/schema.org","@graph":[{"@type":"Article","@id":"https:\/\/elinformativotam.com\/index.php\/2019\/12\/13\/madero-promueve-playa-miramar-como-paseo-sustentable\/#article","isPartOf":{"@id":"https:\/\/elinformativotam.com\/index.php\/2019\/12\/13\/madero-promueve-playa-miramar-como-paseo-sustentable\/"},"author":{"name":"El Informativo Tam","@id":"https:\/\/elinformativotam.com\/#\/schema\/person\/78e08040eed0f6110f0c5f83b6153590"},"headline":"MADERO PROMUEVE PLAYA MIRAMAR COMO PASEO SUSTENTABLE","datePublished":"2019-12-14T02:09:49+00:00","mainEntityOfPage":{"@id":"https:\/\/elinformativotam.com\/index.php\/2019\/12\/13\/madero-promueve-playa-miramar-como-paseo-sustentable\/"},"wordCount":257,"commentCount":0,"publisher":{"@id":"https:\/\/elinformativotam.com\/#organization"},"articleSection":["Cd Madero"],"inLanguage":"es","potentialAction":[{"@type":"CommentAction","name":"Comment","target":["https:\/\/elinformativotam.com\/index.php\/2019\/12\/13\/madero-promueve-playa-miramar-como-paseo-sustentable\/#respond"]}]},{"@type":"WebPage","@id":"https:\/\/elinformativotam.com\/index.php\/2019\/12\/13\/madero-promueve-playa-miramar-como-paseo-sustentable\/","url":"https:\/\/elinformativotam.com\/index.php\/2019\/12\/13\/madero-promueve-playa-miramar-como-paseo-sustentable\/","name":"MADERO PROMUEVE PLAYA MIRAMAR COMO PASEO SUSTENTABLE - EL INFORMATIVO DE TAMAULIPAS","isPartOf":{"@id":"https:\/\/elinformativotam.com\/#website"},"datePublished":"2019-12-14T02:09:49+00:00","description":"*Sandra Ibarra G\u00f3mez, Se\u00f1al\u00f3 Que El Prop\u00f3sito De Esta Iniciativa Es Reducir El Uso Excesivo De Los Desechables. &nbsp; Dentro de las acciones para que","inLanguage":"es","potentialAction":[{"@type":"ReadAction","target":["https:\/\/elinformativotam.com\/index.php\/2019\/12\/13\/madero-promueve-playa-miramar-como-paseo-sustentable\/"]}]},{"@type":"WebSite","@id":"https:\/\/elinformativotam.com\/#website","url":"https:\/\/elinformativotam.com\/","name":"EL INFORMATIVO DE TAMAULIPAS","description":"Desde la Zona Metropolitana Para Todo M\u00e9xico","publisher":{"@id":"https:\/\/elinformativotam.com\/#organization"},"potentialAction":[{"@type":"SearchAction","target":{"@type":"EntryPoint","urlTemplate":"https:\/\/elinformativotam.com\/?s={search_term_string}"},"query-input":{"@type":"PropertyValueSpecification","valueRequired":true,"valueName":"search_term_string"}}],"inLanguage":"es"},{"@type":"Organization","@id":"https:\/\/elinformativotam.com\/#organization","name":"EL INFORMATIVO DE TAMAULIPAS","url":"https:\/\/elinformativotam.com\/","logo":{"@type":"ImageObject","inLanguage":"es","@id":"https:\/\/elinformativotam.com\/#\/schema\/logo\/image\/","url":"https:\/\/elinformativotam.com\/wp-content\/uploads\/2026\/02\/Cabezal.png","contentUrl":"https:\/\/elinformativotam.com\/wp-content\/uploads\/2026\/02\/Cabezal.png","width":960,"height":640,"caption":"EL INFORMATIVO DE TAMAULIPAS"},"image":{"@id":"https:\/\/elinformativotam.com\/#\/schema\/logo\/image\/"}},{"@type":"Person","@id":"https:\/\/elinformativotam.com\/#\/schema\/person\/78e08040eed0f6110f0c5f83b6153590","name":"El Informativo Tam","image":{"@type":"ImageObject","inLanguage":"es","@id":"https:\/\/secure.gravatar.com\/avatar\/f3b7ad3af540688955925ac610647be00b0cf41feea9c4978b73a707ee86bc53?s=96&d=mm&r=g","url":"https:\/\/secure.gravatar.com\/avatar\/f3b7ad3af540688955925ac610647be00b0cf41feea9c4978b73a707ee86bc53?s=96&d=mm&r=g","contentUrl":"https:\/\/secure.gravatar.com\/avatar\/f3b7ad3af540688955925ac610647be00b0cf41feea9c4978b73a707ee86bc53?s=96&d=mm&r=g","caption":"El Informativo Tam"}}]}},"_links":{"self":[{"href":"https:\/\/elinformativotam.com\/index.php\/wp-json\/wp\/v2\/posts\/1062","targetHints":{"allow":["GET"]}}],"collection":[{"href":"https:\/\/elinformativotam.com\/index.php\/wp-json\/wp\/v2\/posts"}],"about":[{"href":"https:\/\/elinformativotam.com\/index.php\/wp-json\/wp\/v2\/types\/post"}],"author":[{"embeddable":true,"href":"https:\/\/elinformativotam.com\/index.php\/wp-json\/wp\/v2\/users\/1"}],"replies":[{"embeddable":true,"href":"https:\/\/elinformativotam.com\/index.php\/wp-json\/wp\/v2\/comments?post=1062"}],"version-history":[{"count":0,"href":"https:\/\/elinformativotam.com\/index.php\/wp-json\/wp\/v2\/posts\/1062\/revisions"}],"wp:attachment":[{"href":"https:\/\/elinformativotam.com\/index.php\/wp-json\/wp\/v2\/media?parent=1062"}],"wp:term":[{"taxonomy":"category","embeddable":true,"href":"https:\/\/elinformativotam.com\/index.php\/wp-json\/wp\/v2\/categories?post=1062"},{"taxonomy":"post_tag","embeddable":true,"href":"https:\/\/elinformativotam.com\/index.php\/wp-json\/wp\/v2\/tags?post=1062"}],"curies":[{"name":"wp","href":"https:\/\/api.w.org\/{rel}","templated":true}]}}