{"id":1057,"date":"2019-12-12T21:27:21","date_gmt":"2019-12-13T03:27:21","guid":{"rendered":"http:\/\/elinformativotam.com\/?p=1057"},"modified":"2019-12-12T21:27:21","modified_gmt":"2019-12-13T03:27:21","slug":"el-mirador-sobre-la-sierra-madre-es-atractivo-turistico-mas-de-tamaulipas","status":"publish","type":"post","link":"https:\/\/elinformativotam.com\/index.php\/2019\/12\/12\/el-mirador-sobre-la-sierra-madre-es-atractivo-turistico-mas-de-tamaulipas\/","title":{"rendered":"EL MIRADOR SOBRE LA SIERRA MADRE, ES ATRACTIVO TUR\u00cdSTICO M\u00c1S DE TAMAULIPAS"},"content":{"rendered":"<p>En uno de los m\u00e1s bellos parajes de la Sierra Madre Oriental, el gobernador Francisco Garc\u00eda Cabeza de Vaca y su esposa Mariana G\u00f3mez de Garc\u00eda Cabeza de Vaca, presidenta del DIF Estatal, presidieron la inauguraci\u00f3n del Parque Camino Real a Tula, un espacio cultural y de esparcimiento con un entorno natural con un mirador panor\u00e1mico.<\/p>\n<p>&nbsp;<\/p>\n<p>\u201cSe me hac\u00eda tarde, de veras, en venir a inaugurar esta \u00e1rea que cuando inici\u00f3 la administraci\u00f3n, me platicaron de ella, y el equipo de obras p\u00fablicas y turismo, me dijeron que podr\u00eda ser una gran oportunidad para impulsar el turismo en el estado, pero muy especialmente en el centro de Tamaulipas\u201d, expres\u00f3 el Ejecutivo Estatal.<\/p>\n<p>&nbsp;<\/p>\n<p>En este mismo espacio se encuentra el Museo Interpretativo, en el que se mont\u00f3 una exposici\u00f3n fotogr\u00e1fica con im\u00e1genes del inicio del camino que conecta el centro del estado con el altiplano, y que cuenta con una rica historia precolombina, vestigios arqueol\u00f3gicos y f\u00f3siles de animales que datan de cientos de millones de a\u00f1os.<\/p>\n<p>&nbsp;<\/p>\n<p>Afirm\u00f3 que gracias a las pol\u00edticas p\u00fablicas con la que se unen esfuerzos se est\u00e1 recuperando el orgullo de ser tamaulipeco.<\/p>\n<p>&nbsp;<\/p>\n<p>\u201cEsa es parte de las acciones que est\u00e1 llevando a cabo mi gobierno a trav\u00e9s de un sin n\u00famero de acciones, pero una de ellas, sin temor a equivocarme es precisamente resaltar las bondades que tiene el estado de Tamaulipas\u201d, asever\u00f3.<\/p>\n<p>&nbsp;<\/p>\n<p>Por su parte, el secretario de Turismo, Fernando Olivera Rocha, rese\u00f1\u00f3 lo que engloba el camino real a Tula, especialmente en este parque y sus alrededores de rasgos paleontol\u00f3gicos, la cultura Janambre, la historia del paso del carruaje de Benito Ju\u00e1rez, el paso de Porfirio D\u00edaz hacia Tula y el comercio desde este sitio al altiplano y centro del pa\u00eds.<\/p>\n<p>&nbsp;<\/p>\n<p>El funcionario estatal, se dijo convencido que ser\u00e1 la imagen de la Sierra Madre Oriental que se fotografiar\u00e1 desde el mirador, se convertir\u00e1 en uno de iconos gr\u00e1ficos del estado de Tamaulipas.<\/p>\n<p><img loading=\"lazy\" decoding=\"async\" class=\"alignnone  wp-image-1060\" src=\"https:\/\/elinformativotam.com\/wp-content\/uploads\/2019\/12\/fjgcv-3-300x200.jpg\" alt=\"\" width=\"887\" height=\"591\" \/><\/p>\n<p>\u201cAh\u00ed esa voluntad y esa firme creencia hacia el turismo, ser\u00e1 ese generador y detonador de la econom\u00eda, pero tambi\u00e9n del bienestar de la sociedad, se lo agradecemos todos\u201d, dijo.<\/p>\n<p>&nbsp;<\/p>\n<p>Durante una gira de trabajo por la serran\u00eda tamaulipeca el Gobernador presidi\u00f3 la entrega de los trabajos de remodelaci\u00f3n del Santuario El Caminero, capilla edificada en honor a la Virgen de Guadalupe.<\/p>\n<p>&nbsp;<\/p>\n<p>El gobernador y la titular del DIF Tamaulipas, acompa\u00f1ados por funcionarios del estado, municipales y empresarios locales, cortaron el list\u00f3n del nuevo comedor de gorditas y flautas \u201cDo\u00f1a Yola\u201d que se ubica a unos metros de la iglesia.<\/p>\n<p>&nbsp;<\/p>\n<p>Minerva Carrizales Gonz\u00e1lez, mejor conocida como Yolanda o Do\u00f1a Yoli, originaria del Ejido Valle Grande del municipio de Tula, enfatiz\u00f3 que nunca hab\u00eda recibi\u00f3 un apoyo gubernamental como se da hoy.<\/p>\n<p>&nbsp;<\/p>\n<p>\u201cEra un sue\u00f1o de todos, las comunidades quer\u00edan un corredor tur\u00edstico para disfrutar los lugares maravillosos como el Santuario del Caminero y de paso pues disfrutar\u00e1n de sus antojitos tradicionales\u201d, dijo.<\/p>\n<p>&nbsp;<\/p>\n<p>Luego de 17 a\u00f1os, su comedor hecho de cortezas de \u00e1rbol y un fog\u00f3n viej\u00edsimo, ahora tendr\u00e1n sus comensales mayor comodidad con la misma rutina culinaria, una mejor chimenea y lugar para despachar sus tradicionales gorditas de ma\u00edz.<\/p>\n","protected":false},"excerpt":{"rendered":"<p>En uno de los m\u00e1s bellos parajes de la Sierra Madre Oriental, el gobernador Francisco Garc\u00eda Cabeza de Vaca y&hellip;<\/p>\n","protected":false},"author":1,"featured_media":0,"comment_status":"open","ping_status":"open","sticky":false,"template":"","format":"standard","meta":{"footnotes":""},"categories":[6],"tags":[],"class_list":["post-1057","post","type-post","status-publish","format-standard","hentry","category-tamaulipas"],"yoast_head":"<!-- This site is optimized with the Yoast SEO plugin v27.5 - https:\/\/yoast.com\/product\/yoast-seo-wordpress\/ -->\n<title>EL MIRADOR SOBRE LA SIERRA MADRE, ES ATRACTIVO TUR\u00cdSTICO M\u00c1S DE TAMAULIPAS - EL INFORMATIVO DE TAMAULIPAS<\/title>\n<meta name=\"description\" content=\"En uno de los m\u00e1s bellos parajes de la Sierra Madre Oriental, el gobernador Francisco Garc\u00eda Cabeza de Vaca y su esposa Mariana G\u00f3mez de Garc\u00eda Cabeza de\" \/>\n<meta name=\"robots\" content=\"index, follow, max-snippet:-1, max-image-preview:large, max-video-preview:-1\" \/>\n<link rel=\"canonical\" href=\"https:\/\/elinformativotam.com\/index.php\/2019\/12\/12\/el-mirador-sobre-la-sierra-madre-es-atractivo-turistico-mas-de-tamaulipas\/\" \/>\n<meta property=\"og:locale\" content=\"es_MX\" \/>\n<meta property=\"og:type\" content=\"article\" \/>\n<meta property=\"og:title\" content=\"EL MIRADOR SOBRE LA SIERRA MADRE, ES ATRACTIVO TUR\u00cdSTICO M\u00c1S DE TAMAULIPAS - EL INFORMATIVO DE TAMAULIPAS\" \/>\n<meta property=\"og:description\" content=\"En uno de los m\u00e1s bellos parajes de la Sierra Madre Oriental, el gobernador Francisco Garc\u00eda Cabeza de Vaca y su esposa Mariana G\u00f3mez de Garc\u00eda Cabeza de\" \/>\n<meta property=\"og:url\" content=\"https:\/\/elinformativotam.com\/index.php\/2019\/12\/12\/el-mirador-sobre-la-sierra-madre-es-atractivo-turistico-mas-de-tamaulipas\/\" \/>\n<meta property=\"og:site_name\" content=\"EL INFORMATIVO DE TAMAULIPAS\" \/>\n<meta property=\"article:published_time\" content=\"2019-12-13T03:27:21+00:00\" \/>\n<meta property=\"og:image\" content=\"http:\/\/elinformativotam.com\/wp-content\/uploads\/2019\/12\/fjgcv-3-300x200.jpg\" \/>\n<meta name=\"author\" content=\"El Informativo Tam\" \/>\n<meta name=\"twitter:card\" content=\"summary_large_image\" \/>\n<meta name=\"twitter:label1\" content=\"Escrito por\" \/>\n\t<meta name=\"twitter:data1\" content=\"El Informativo Tam\" \/>\n\t<meta name=\"twitter:label2\" content=\"Tiempo de lectura\" \/>\n\t<meta name=\"twitter:data2\" content=\"3 minutos\" \/>\n<script type=\"application\/ld+json\" class=\"yoast-schema-graph\">{\"@context\":\"https:\\\/\\\/schema.org\",\"@graph\":[{\"@type\":\"Article\",\"@id\":\"https:\\\/\\\/elinformativotam.com\\\/index.php\\\/2019\\\/12\\\/12\\\/el-mirador-sobre-la-sierra-madre-es-atractivo-turistico-mas-de-tamaulipas\\\/#article\",\"isPartOf\":{\"@id\":\"https:\\\/\\\/elinformativotam.com\\\/index.php\\\/2019\\\/12\\\/12\\\/el-mirador-sobre-la-sierra-madre-es-atractivo-turistico-mas-de-tamaulipas\\\/\"},\"author\":{\"name\":\"El Informativo Tam\",\"@id\":\"https:\\\/\\\/elinformativotam.com\\\/#\\\/schema\\\/person\\\/78e08040eed0f6110f0c5f83b6153590\"},\"headline\":\"EL MIRADOR SOBRE LA SIERRA MADRE, ES ATRACTIVO TUR\u00cdSTICO M\u00c1S DE TAMAULIPAS\",\"datePublished\":\"2019-12-13T03:27:21+00:00\",\"mainEntityOfPage\":{\"@id\":\"https:\\\/\\\/elinformativotam.com\\\/index.php\\\/2019\\\/12\\\/12\\\/el-mirador-sobre-la-sierra-madre-es-atractivo-turistico-mas-de-tamaulipas\\\/\"},\"wordCount\":588,\"commentCount\":0,\"publisher\":{\"@id\":\"https:\\\/\\\/elinformativotam.com\\\/#organization\"},\"image\":{\"@id\":\"https:\\\/\\\/elinformativotam.com\\\/index.php\\\/2019\\\/12\\\/12\\\/el-mirador-sobre-la-sierra-madre-es-atractivo-turistico-mas-de-tamaulipas\\\/#primaryimage\"},\"thumbnailUrl\":\"http:\\\/\\\/elinformativotam.com\\\/wp-content\\\/uploads\\\/2019\\\/12\\\/fjgcv-3-300x200.jpg\",\"articleSection\":[\"Tamaulipas\"],\"inLanguage\":\"es\",\"potentialAction\":[{\"@type\":\"CommentAction\",\"name\":\"Comment\",\"target\":[\"https:\\\/\\\/elinformativotam.com\\\/index.php\\\/2019\\\/12\\\/12\\\/el-mirador-sobre-la-sierra-madre-es-atractivo-turistico-mas-de-tamaulipas\\\/#respond\"]}]},{\"@type\":\"WebPage\",\"@id\":\"https:\\\/\\\/elinformativotam.com\\\/index.php\\\/2019\\\/12\\\/12\\\/el-mirador-sobre-la-sierra-madre-es-atractivo-turistico-mas-de-tamaulipas\\\/\",\"url\":\"https:\\\/\\\/elinformativotam.com\\\/index.php\\\/2019\\\/12\\\/12\\\/el-mirador-sobre-la-sierra-madre-es-atractivo-turistico-mas-de-tamaulipas\\\/\",\"name\":\"EL MIRADOR SOBRE LA SIERRA MADRE, ES ATRACTIVO TUR\u00cdSTICO M\u00c1S DE TAMAULIPAS - EL INFORMATIVO DE TAMAULIPAS\",\"isPartOf\":{\"@id\":\"https:\\\/\\\/elinformativotam.com\\\/#website\"},\"primaryImageOfPage\":{\"@id\":\"https:\\\/\\\/elinformativotam.com\\\/index.php\\\/2019\\\/12\\\/12\\\/el-mirador-sobre-la-sierra-madre-es-atractivo-turistico-mas-de-tamaulipas\\\/#primaryimage\"},\"image\":{\"@id\":\"https:\\\/\\\/elinformativotam.com\\\/index.php\\\/2019\\\/12\\\/12\\\/el-mirador-sobre-la-sierra-madre-es-atractivo-turistico-mas-de-tamaulipas\\\/#primaryimage\"},\"thumbnailUrl\":\"http:\\\/\\\/elinformativotam.com\\\/wp-content\\\/uploads\\\/2019\\\/12\\\/fjgcv-3-300x200.jpg\",\"datePublished\":\"2019-12-13T03:27:21+00:00\",\"description\":\"En uno de los m\u00e1s bellos parajes de la Sierra Madre Oriental, el gobernador Francisco Garc\u00eda Cabeza de Vaca y su esposa Mariana G\u00f3mez de Garc\u00eda Cabeza de\",\"inLanguage\":\"es\",\"potentialAction\":[{\"@type\":\"ReadAction\",\"target\":[\"https:\\\/\\\/elinformativotam.com\\\/index.php\\\/2019\\\/12\\\/12\\\/el-mirador-sobre-la-sierra-madre-es-atractivo-turistico-mas-de-tamaulipas\\\/\"]}]},{\"@type\":\"ImageObject\",\"inLanguage\":\"es\",\"@id\":\"https:\\\/\\\/elinformativotam.com\\\/index.php\\\/2019\\\/12\\\/12\\\/el-mirador-sobre-la-sierra-madre-es-atractivo-turistico-mas-de-tamaulipas\\\/#primaryimage\",\"url\":\"http:\\\/\\\/elinformativotam.com\\\/wp-content\\\/uploads\\\/2019\\\/12\\\/fjgcv-3-300x200.jpg\",\"contentUrl\":\"http:\\\/\\\/elinformativotam.com\\\/wp-content\\\/uploads\\\/2019\\\/12\\\/fjgcv-3-300x200.jpg\"},{\"@type\":\"WebSite\",\"@id\":\"https:\\\/\\\/elinformativotam.com\\\/#website\",\"url\":\"https:\\\/\\\/elinformativotam.com\\\/\",\"name\":\"EL INFORMATIVO DE TAMAULIPAS\",\"description\":\"Desde la Zona Metropolitana Para Todo M\u00e9xico\",\"publisher\":{\"@id\":\"https:\\\/\\\/elinformativotam.com\\\/#organization\"},\"potentialAction\":[{\"@type\":\"SearchAction\",\"target\":{\"@type\":\"EntryPoint\",\"urlTemplate\":\"https:\\\/\\\/elinformativotam.com\\\/?s={search_term_string}\"},\"query-input\":{\"@type\":\"PropertyValueSpecification\",\"valueRequired\":true,\"valueName\":\"search_term_string\"}}],\"inLanguage\":\"es\"},{\"@type\":\"Organization\",\"@id\":\"https:\\\/\\\/elinformativotam.com\\\/#organization\",\"name\":\"EL INFORMATIVO DE TAMAULIPAS\",\"url\":\"https:\\\/\\\/elinformativotam.com\\\/\",\"logo\":{\"@type\":\"ImageObject\",\"inLanguage\":\"es\",\"@id\":\"https:\\\/\\\/elinformativotam.com\\\/#\\\/schema\\\/logo\\\/image\\\/\",\"url\":\"https:\\\/\\\/elinformativotam.com\\\/wp-content\\\/uploads\\\/2026\\\/02\\\/Cabezal.png\",\"contentUrl\":\"https:\\\/\\\/elinformativotam.com\\\/wp-content\\\/uploads\\\/2026\\\/02\\\/Cabezal.png\",\"width\":960,\"height\":640,\"caption\":\"EL INFORMATIVO DE TAMAULIPAS\"},\"image\":{\"@id\":\"https:\\\/\\\/elinformativotam.com\\\/#\\\/schema\\\/logo\\\/image\\\/\"}},{\"@type\":\"Person\",\"@id\":\"https:\\\/\\\/elinformativotam.com\\\/#\\\/schema\\\/person\\\/78e08040eed0f6110f0c5f83b6153590\",\"name\":\"El Informativo Tam\",\"image\":{\"@type\":\"ImageObject\",\"inLanguage\":\"es\",\"@id\":\"https:\\\/\\\/secure.gravatar.com\\\/avatar\\\/f3b7ad3af540688955925ac610647be00b0cf41feea9c4978b73a707ee86bc53?s=96&d=mm&r=g\",\"url\":\"https:\\\/\\\/secure.gravatar.com\\\/avatar\\\/f3b7ad3af540688955925ac610647be00b0cf41feea9c4978b73a707ee86bc53?s=96&d=mm&r=g\",\"contentUrl\":\"https:\\\/\\\/secure.gravatar.com\\\/avatar\\\/f3b7ad3af540688955925ac610647be00b0cf41feea9c4978b73a707ee86bc53?s=96&d=mm&r=g\",\"caption\":\"El Informativo Tam\"}}]}<\/script>\n<!-- \/ Yoast SEO plugin. -->","yoast_head_json":{"title":"EL MIRADOR SOBRE LA SIERRA MADRE, ES ATRACTIVO TUR\u00cdSTICO M\u00c1S DE TAMAULIPAS - EL INFORMATIVO DE TAMAULIPAS","description":"En uno de los m\u00e1s bellos parajes de la Sierra Madre Oriental, el gobernador Francisco Garc\u00eda Cabeza de Vaca y su esposa Mariana G\u00f3mez de Garc\u00eda Cabeza de","robots":{"index":"index","follow":"follow","max-snippet":"max-snippet:-1","max-image-preview":"max-image-preview:large","max-video-preview":"max-video-preview:-1"},"canonical":"https:\/\/elinformativotam.com\/index.php\/2019\/12\/12\/el-mirador-sobre-la-sierra-madre-es-atractivo-turistico-mas-de-tamaulipas\/","og_locale":"es_MX","og_type":"article","og_title":"EL MIRADOR SOBRE LA SIERRA MADRE, ES ATRACTIVO TUR\u00cdSTICO M\u00c1S DE TAMAULIPAS - EL INFORMATIVO DE TAMAULIPAS","og_description":"En uno de los m\u00e1s bellos parajes de la Sierra Madre Oriental, el gobernador Francisco Garc\u00eda Cabeza de Vaca y su esposa Mariana G\u00f3mez de Garc\u00eda Cabeza de","og_url":"https:\/\/elinformativotam.com\/index.php\/2019\/12\/12\/el-mirador-sobre-la-sierra-madre-es-atractivo-turistico-mas-de-tamaulipas\/","og_site_name":"EL INFORMATIVO DE TAMAULIPAS","article_published_time":"2019-12-13T03:27:21+00:00","og_image":[{"url":"http:\/\/elinformativotam.com\/wp-content\/uploads\/2019\/12\/fjgcv-3-300x200.jpg","type":"","width":"","height":""}],"author":"El Informativo Tam","twitter_card":"summary_large_image","twitter_misc":{"Escrito por":"El Informativo Tam","Tiempo de lectura":"3 minutos"},"schema":{"@context":"https:\/\/schema.org","@graph":[{"@type":"Article","@id":"https:\/\/elinformativotam.com\/index.php\/2019\/12\/12\/el-mirador-sobre-la-sierra-madre-es-atractivo-turistico-mas-de-tamaulipas\/#article","isPartOf":{"@id":"https:\/\/elinformativotam.com\/index.php\/2019\/12\/12\/el-mirador-sobre-la-sierra-madre-es-atractivo-turistico-mas-de-tamaulipas\/"},"author":{"name":"El Informativo Tam","@id":"https:\/\/elinformativotam.com\/#\/schema\/person\/78e08040eed0f6110f0c5f83b6153590"},"headline":"EL MIRADOR SOBRE LA SIERRA MADRE, ES ATRACTIVO TUR\u00cdSTICO M\u00c1S DE TAMAULIPAS","datePublished":"2019-12-13T03:27:21+00:00","mainEntityOfPage":{"@id":"https:\/\/elinformativotam.com\/index.php\/2019\/12\/12\/el-mirador-sobre-la-sierra-madre-es-atractivo-turistico-mas-de-tamaulipas\/"},"wordCount":588,"commentCount":0,"publisher":{"@id":"https:\/\/elinformativotam.com\/#organization"},"image":{"@id":"https:\/\/elinformativotam.com\/index.php\/2019\/12\/12\/el-mirador-sobre-la-sierra-madre-es-atractivo-turistico-mas-de-tamaulipas\/#primaryimage"},"thumbnailUrl":"http:\/\/elinformativotam.com\/wp-content\/uploads\/2019\/12\/fjgcv-3-300x200.jpg","articleSection":["Tamaulipas"],"inLanguage":"es","potentialAction":[{"@type":"CommentAction","name":"Comment","target":["https:\/\/elinformativotam.com\/index.php\/2019\/12\/12\/el-mirador-sobre-la-sierra-madre-es-atractivo-turistico-mas-de-tamaulipas\/#respond"]}]},{"@type":"WebPage","@id":"https:\/\/elinformativotam.com\/index.php\/2019\/12\/12\/el-mirador-sobre-la-sierra-madre-es-atractivo-turistico-mas-de-tamaulipas\/","url":"https:\/\/elinformativotam.com\/index.php\/2019\/12\/12\/el-mirador-sobre-la-sierra-madre-es-atractivo-turistico-mas-de-tamaulipas\/","name":"EL MIRADOR SOBRE LA SIERRA MADRE, ES ATRACTIVO TUR\u00cdSTICO M\u00c1S DE TAMAULIPAS - EL INFORMATIVO DE TAMAULIPAS","isPartOf":{"@id":"https:\/\/elinformativotam.com\/#website"},"primaryImageOfPage":{"@id":"https:\/\/elinformativotam.com\/index.php\/2019\/12\/12\/el-mirador-sobre-la-sierra-madre-es-atractivo-turistico-mas-de-tamaulipas\/#primaryimage"},"image":{"@id":"https:\/\/elinformativotam.com\/index.php\/2019\/12\/12\/el-mirador-sobre-la-sierra-madre-es-atractivo-turistico-mas-de-tamaulipas\/#primaryimage"},"thumbnailUrl":"http:\/\/elinformativotam.com\/wp-content\/uploads\/2019\/12\/fjgcv-3-300x200.jpg","datePublished":"2019-12-13T03:27:21+00:00","description":"En uno de los m\u00e1s bellos parajes de la Sierra Madre Oriental, el gobernador Francisco Garc\u00eda Cabeza de Vaca y su esposa Mariana G\u00f3mez de Garc\u00eda Cabeza de","inLanguage":"es","potentialAction":[{"@type":"ReadAction","target":["https:\/\/elinformativotam.com\/index.php\/2019\/12\/12\/el-mirador-sobre-la-sierra-madre-es-atractivo-turistico-mas-de-tamaulipas\/"]}]},{"@type":"ImageObject","inLanguage":"es","@id":"https:\/\/elinformativotam.com\/index.php\/2019\/12\/12\/el-mirador-sobre-la-sierra-madre-es-atractivo-turistico-mas-de-tamaulipas\/#primaryimage","url":"http:\/\/elinformativotam.com\/wp-content\/uploads\/2019\/12\/fjgcv-3-300x200.jpg","contentUrl":"http:\/\/elinformativotam.com\/wp-content\/uploads\/2019\/12\/fjgcv-3-300x200.jpg"},{"@type":"WebSite","@id":"https:\/\/elinformativotam.com\/#website","url":"https:\/\/elinformativotam.com\/","name":"EL INFORMATIVO DE TAMAULIPAS","description":"Desde la Zona Metropolitana Para Todo M\u00e9xico","publisher":{"@id":"https:\/\/elinformativotam.com\/#organization"},"potentialAction":[{"@type":"SearchAction","target":{"@type":"EntryPoint","urlTemplate":"https:\/\/elinformativotam.com\/?s={search_term_string}"},"query-input":{"@type":"PropertyValueSpecification","valueRequired":true,"valueName":"search_term_string"}}],"inLanguage":"es"},{"@type":"Organization","@id":"https:\/\/elinformativotam.com\/#organization","name":"EL INFORMATIVO DE TAMAULIPAS","url":"https:\/\/elinformativotam.com\/","logo":{"@type":"ImageObject","inLanguage":"es","@id":"https:\/\/elinformativotam.com\/#\/schema\/logo\/image\/","url":"https:\/\/elinformativotam.com\/wp-content\/uploads\/2026\/02\/Cabezal.png","contentUrl":"https:\/\/elinformativotam.com\/wp-content\/uploads\/2026\/02\/Cabezal.png","width":960,"height":640,"caption":"EL INFORMATIVO DE TAMAULIPAS"},"image":{"@id":"https:\/\/elinformativotam.com\/#\/schema\/logo\/image\/"}},{"@type":"Person","@id":"https:\/\/elinformativotam.com\/#\/schema\/person\/78e08040eed0f6110f0c5f83b6153590","name":"El Informativo Tam","image":{"@type":"ImageObject","inLanguage":"es","@id":"https:\/\/secure.gravatar.com\/avatar\/f3b7ad3af540688955925ac610647be00b0cf41feea9c4978b73a707ee86bc53?s=96&d=mm&r=g","url":"https:\/\/secure.gravatar.com\/avatar\/f3b7ad3af540688955925ac610647be00b0cf41feea9c4978b73a707ee86bc53?s=96&d=mm&r=g","contentUrl":"https:\/\/secure.gravatar.com\/avatar\/f3b7ad3af540688955925ac610647be00b0cf41feea9c4978b73a707ee86bc53?s=96&d=mm&r=g","caption":"El Informativo Tam"}}]}},"_links":{"self":[{"href":"https:\/\/elinformativotam.com\/index.php\/wp-json\/wp\/v2\/posts\/1057","targetHints":{"allow":["GET"]}}],"collection":[{"href":"https:\/\/elinformativotam.com\/index.php\/wp-json\/wp\/v2\/posts"}],"about":[{"href":"https:\/\/elinformativotam.com\/index.php\/wp-json\/wp\/v2\/types\/post"}],"author":[{"embeddable":true,"href":"https:\/\/elinformativotam.com\/index.php\/wp-json\/wp\/v2\/users\/1"}],"replies":[{"embeddable":true,"href":"https:\/\/elinformativotam.com\/index.php\/wp-json\/wp\/v2\/comments?post=1057"}],"version-history":[{"count":0,"href":"https:\/\/elinformativotam.com\/index.php\/wp-json\/wp\/v2\/posts\/1057\/revisions"}],"wp:attachment":[{"href":"https:\/\/elinformativotam.com\/index.php\/wp-json\/wp\/v2\/media?parent=1057"}],"wp:term":[{"taxonomy":"category","embeddable":true,"href":"https:\/\/elinformativotam.com\/index.php\/wp-json\/wp\/v2\/categories?post=1057"},{"taxonomy":"post_tag","embeddable":true,"href":"https:\/\/elinformativotam.com\/index.php\/wp-json\/wp\/v2\/tags?post=1057"}],"curies":[{"name":"wp","href":"https:\/\/api.w.org\/{rel}","templated":true}]}}