{"id":1053,"date":"2019-12-12T21:11:23","date_gmt":"2019-12-13T03:11:23","guid":{"rendered":"http:\/\/elinformativotam.com\/?p=1053"},"modified":"2019-12-12T21:11:23","modified_gmt":"2019-12-13T03:11:23","slug":"entregan-dif-altamira-y-posco-22-sillas-de-ruedas-a-personas-con-discapacidad","status":"publish","type":"post","link":"https:\/\/elinformativotam.com\/index.php\/2019\/12\/12\/entregan-dif-altamira-y-posco-22-sillas-de-ruedas-a-personas-con-discapacidad\/","title":{"rendered":"ENTREGAN DIF ALTAMIRA Y POSCO 22 SILLAS DE RUEDAS A PERSONAS CON DISCAPACIDAD"},"content":{"rendered":"<h3><em><strong>*Contin\u00faa El Sistema Para El Desarrollo Integral De La Familia Trabajando En Equipo Con La Iniciativa Privada A Favor De Los Sectores Vulnerables.<\/strong><\/em><\/h3>\n<p>&nbsp;<\/p>\n<p>Reforzando las acciones de inclusi\u00f3n social en beneficio de un mayor n\u00famero de altamirenses, el Sistema para el Desarrollo Integral de la Familia en Altamira y la empresa POSCO entregaron 22 sillas de ruedas a personas que presentan alguna discapacidad motriz, con la finalidad de mejorar su calidad de vida.<\/p>\n<p>&nbsp;<\/p>\n<p>En la entrega de este apoyo, la presidenta del DIF municipal, Alma Laura Hern\u00e1ndez Ampar\u00e1n agradeci\u00f3 el respaldo de la empresa POSCO M\u00e9xico, representada en este acto por su subdirector de Administraci\u00f3n y Relaciones P\u00fablica, Kimun Jung, refrendando la total disposici\u00f3n del voluntariado as\u00ed como del Gobierno Municipal de Altamira, que preside la alcaldesa Alma Laura Ampar\u00e1n Cruz, para seguir trabajando en equipo a favor de las personas y sectores m\u00e1s vuln\u00e9rales de la sociedad.<\/p>\n<p>&nbsp;<\/p>\n<p>\u201cSin lugar a duda estamos avanzando en temas de empat\u00eda y cultura como sociedad gracias a ustedes que trabajan de la mano con nosotros; agradezco su confianza de siempre y sepan que seguiremos trabajando para el desarrollo del municipio, que nadie se quede sin aspirar a una vida digna por falta de apoyo\u201d, se\u00f1al\u00f3.<\/p>\n<p>&nbsp;<\/p>\n<p>Asimismo, Hern\u00e1ndez Ampar\u00e1n indic\u00f3 que la entrega de estas sillas de ruedas se suma a las acciones de inserci\u00f3n y participaci\u00f3n emprendidas por los Centros de Rehabilitaci\u00f3n Integral Altamira, iniciando recientemente la campa\u00f1a<\/p>\n<p>&nbsp;<\/p>\n<p>\u201cVamos respetando sus espacios\u201d, que consta de realizar din\u00e1micas de inclusi\u00f3n, colocaci\u00f3n de calcas sobre el respeto a espacios para discapacitados, pintado de se\u00f1al\u00e9tica e implementaci\u00f3n de talleres de manejo de sillas de ruedas.<\/p>\n<p><img loading=\"lazy\" decoding=\"async\" class=\"alignnone  wp-image-1055\" src=\"https:\/\/elinformativotam.com\/wp-content\/uploads\/2019\/12\/altamira-a-300x215.jpg\" alt=\"\" width=\"786\" height=\"563\" \/><\/p>\n<p>Por su parte, el subdirector de Administraci\u00f3n y Relaciones P\u00fablicas de POSCO, Kimun Jung, extern\u00f3 su agradecimiento al Gobierno Municipal y al DIF Altamira, por la oportunidad que brindan a la compa\u00f1\u00eda de tener un mayor contacto y participaci\u00f3n con la comunidad, fortaleci\u00e9ndose como una empresa socialmente responsable.<\/p>\n<p>&nbsp;<\/p>\n<p>\u201cMe da mucho gusto estar ayudando junto con el gobierno municipal compartiendo estos aparatos para las personas m\u00e1s necesitadas; nuestra misi\u00f3n es apoyar a cada una de las personas que necesiten aparatos funcionales. Muchas gracias por permitirnos ayudarlos\u201d, expres\u00f3.<\/p>\n<p>&nbsp;<\/p>\n<p>En representaci\u00f3n de las personas beneficiadas, agradeci\u00f3 la se\u00f1ora Teresa Guerrero Camacho, se\u00f1alando que no es nada f\u00e1cil para quienes viven con alguna discapacidad, pues en ocasiones el simple hecho de salir de casa para visitar a un familiar es todo un reto;<\/p>\n<p>&nbsp;<\/p>\n<p>\u201cdarnos la oportunidad de tener una silla de ruedas o cualquier otro aparato funcional representa algo muy importante para nuestra vida diaria\u201d.<\/p>\n<p>&nbsp;<\/p>\n<p>En este acto tambi\u00e9n estuvieron presentes, la directora del Sistema DIF Altamira, Ana Lucero de la Fuente Stiles; el director del CRI Altamira, Juan Fernando Fung Castellanos, as\u00ed como s\u00edndicos y regidores del Ayuntamiento de Altamira.<\/p>\n","protected":false},"excerpt":{"rendered":"<p>*Contin\u00faa El Sistema Para El Desarrollo Integral De La Familia Trabajando En Equipo Con La Iniciativa Privada A Favor De&hellip;<\/p>\n","protected":false},"author":1,"featured_media":0,"comment_status":"open","ping_status":"open","sticky":false,"template":"","format":"standard","meta":{"footnotes":""},"categories":[5],"tags":[],"class_list":["post-1053","post","type-post","status-publish","format-standard","hentry","category-altamira"],"yoast_head":"<!-- This site is optimized with the Yoast SEO plugin v27.5 - https:\/\/yoast.com\/product\/yoast-seo-wordpress\/ -->\n<title>ENTREGAN DIF ALTAMIRA Y POSCO 22 SILLAS DE RUEDAS A PERSONAS CON DISCAPACIDAD - EL INFORMATIVO DE TAMAULIPAS<\/title>\n<meta name=\"description\" content=\"*Contin\u00faa El Sistema Para El Desarrollo Integral De La Familia Trabajando En Equipo Con La Iniciativa Privada A Favor De Los Sectores Vulnerables. &nbsp;\" \/>\n<meta name=\"robots\" content=\"index, follow, max-snippet:-1, max-image-preview:large, max-video-preview:-1\" \/>\n<link rel=\"canonical\" href=\"https:\/\/elinformativotam.com\/index.php\/2019\/12\/12\/entregan-dif-altamira-y-posco-22-sillas-de-ruedas-a-personas-con-discapacidad\/\" \/>\n<meta property=\"og:locale\" content=\"es_MX\" \/>\n<meta property=\"og:type\" content=\"article\" \/>\n<meta property=\"og:title\" content=\"ENTREGAN DIF ALTAMIRA Y POSCO 22 SILLAS DE RUEDAS A PERSONAS CON DISCAPACIDAD - EL INFORMATIVO DE TAMAULIPAS\" \/>\n<meta property=\"og:description\" content=\"*Contin\u00faa El Sistema Para El Desarrollo Integral De La Familia Trabajando En Equipo Con La Iniciativa Privada A Favor De Los Sectores Vulnerables. &nbsp;\" \/>\n<meta property=\"og:url\" content=\"https:\/\/elinformativotam.com\/index.php\/2019\/12\/12\/entregan-dif-altamira-y-posco-22-sillas-de-ruedas-a-personas-con-discapacidad\/\" \/>\n<meta property=\"og:site_name\" content=\"EL INFORMATIVO DE TAMAULIPAS\" \/>\n<meta property=\"article:published_time\" content=\"2019-12-13T03:11:23+00:00\" \/>\n<meta property=\"og:image\" content=\"http:\/\/elinformativotam.com\/wp-content\/uploads\/2019\/12\/altamira-a-300x215.jpg\" \/>\n<meta name=\"author\" content=\"El Informativo Tam\" \/>\n<meta name=\"twitter:card\" content=\"summary_large_image\" \/>\n<meta name=\"twitter:label1\" content=\"Escrito por\" \/>\n\t<meta name=\"twitter:data1\" content=\"El Informativo Tam\" \/>\n\t<meta name=\"twitter:label2\" content=\"Tiempo de lectura\" \/>\n\t<meta name=\"twitter:data2\" content=\"3 minutos\" \/>\n<script type=\"application\/ld+json\" class=\"yoast-schema-graph\">{\"@context\":\"https:\\\/\\\/schema.org\",\"@graph\":[{\"@type\":\"Article\",\"@id\":\"https:\\\/\\\/elinformativotam.com\\\/index.php\\\/2019\\\/12\\\/12\\\/entregan-dif-altamira-y-posco-22-sillas-de-ruedas-a-personas-con-discapacidad\\\/#article\",\"isPartOf\":{\"@id\":\"https:\\\/\\\/elinformativotam.com\\\/index.php\\\/2019\\\/12\\\/12\\\/entregan-dif-altamira-y-posco-22-sillas-de-ruedas-a-personas-con-discapacidad\\\/\"},\"author\":{\"name\":\"El Informativo Tam\",\"@id\":\"https:\\\/\\\/elinformativotam.com\\\/#\\\/schema\\\/person\\\/78e08040eed0f6110f0c5f83b6153590\"},\"headline\":\"ENTREGAN DIF ALTAMIRA Y POSCO 22 SILLAS DE RUEDAS A PERSONAS CON DISCAPACIDAD\",\"datePublished\":\"2019-12-13T03:11:23+00:00\",\"mainEntityOfPage\":{\"@id\":\"https:\\\/\\\/elinformativotam.com\\\/index.php\\\/2019\\\/12\\\/12\\\/entregan-dif-altamira-y-posco-22-sillas-de-ruedas-a-personas-con-discapacidad\\\/\"},\"wordCount\":516,\"commentCount\":0,\"publisher\":{\"@id\":\"https:\\\/\\\/elinformativotam.com\\\/#organization\"},\"image\":{\"@id\":\"https:\\\/\\\/elinformativotam.com\\\/index.php\\\/2019\\\/12\\\/12\\\/entregan-dif-altamira-y-posco-22-sillas-de-ruedas-a-personas-con-discapacidad\\\/#primaryimage\"},\"thumbnailUrl\":\"http:\\\/\\\/elinformativotam.com\\\/wp-content\\\/uploads\\\/2019\\\/12\\\/altamira-a-300x215.jpg\",\"articleSection\":[\"Altamira\"],\"inLanguage\":\"es\",\"potentialAction\":[{\"@type\":\"CommentAction\",\"name\":\"Comment\",\"target\":[\"https:\\\/\\\/elinformativotam.com\\\/index.php\\\/2019\\\/12\\\/12\\\/entregan-dif-altamira-y-posco-22-sillas-de-ruedas-a-personas-con-discapacidad\\\/#respond\"]}]},{\"@type\":\"WebPage\",\"@id\":\"https:\\\/\\\/elinformativotam.com\\\/index.php\\\/2019\\\/12\\\/12\\\/entregan-dif-altamira-y-posco-22-sillas-de-ruedas-a-personas-con-discapacidad\\\/\",\"url\":\"https:\\\/\\\/elinformativotam.com\\\/index.php\\\/2019\\\/12\\\/12\\\/entregan-dif-altamira-y-posco-22-sillas-de-ruedas-a-personas-con-discapacidad\\\/\",\"name\":\"ENTREGAN DIF ALTAMIRA Y POSCO 22 SILLAS DE RUEDAS A PERSONAS CON DISCAPACIDAD - EL INFORMATIVO DE TAMAULIPAS\",\"isPartOf\":{\"@id\":\"https:\\\/\\\/elinformativotam.com\\\/#website\"},\"primaryImageOfPage\":{\"@id\":\"https:\\\/\\\/elinformativotam.com\\\/index.php\\\/2019\\\/12\\\/12\\\/entregan-dif-altamira-y-posco-22-sillas-de-ruedas-a-personas-con-discapacidad\\\/#primaryimage\"},\"image\":{\"@id\":\"https:\\\/\\\/elinformativotam.com\\\/index.php\\\/2019\\\/12\\\/12\\\/entregan-dif-altamira-y-posco-22-sillas-de-ruedas-a-personas-con-discapacidad\\\/#primaryimage\"},\"thumbnailUrl\":\"http:\\\/\\\/elinformativotam.com\\\/wp-content\\\/uploads\\\/2019\\\/12\\\/altamira-a-300x215.jpg\",\"datePublished\":\"2019-12-13T03:11:23+00:00\",\"description\":\"*Contin\u00faa El Sistema Para El Desarrollo Integral De La Familia Trabajando En Equipo Con La Iniciativa Privada A Favor De Los Sectores Vulnerables. &nbsp;\",\"inLanguage\":\"es\",\"potentialAction\":[{\"@type\":\"ReadAction\",\"target\":[\"https:\\\/\\\/elinformativotam.com\\\/index.php\\\/2019\\\/12\\\/12\\\/entregan-dif-altamira-y-posco-22-sillas-de-ruedas-a-personas-con-discapacidad\\\/\"]}]},{\"@type\":\"ImageObject\",\"inLanguage\":\"es\",\"@id\":\"https:\\\/\\\/elinformativotam.com\\\/index.php\\\/2019\\\/12\\\/12\\\/entregan-dif-altamira-y-posco-22-sillas-de-ruedas-a-personas-con-discapacidad\\\/#primaryimage\",\"url\":\"http:\\\/\\\/elinformativotam.com\\\/wp-content\\\/uploads\\\/2019\\\/12\\\/altamira-a-300x215.jpg\",\"contentUrl\":\"http:\\\/\\\/elinformativotam.com\\\/wp-content\\\/uploads\\\/2019\\\/12\\\/altamira-a-300x215.jpg\"},{\"@type\":\"WebSite\",\"@id\":\"https:\\\/\\\/elinformativotam.com\\\/#website\",\"url\":\"https:\\\/\\\/elinformativotam.com\\\/\",\"name\":\"EL INFORMATIVO DE TAMAULIPAS\",\"description\":\"Desde la Zona Metropolitana Para Todo M\u00e9xico\",\"publisher\":{\"@id\":\"https:\\\/\\\/elinformativotam.com\\\/#organization\"},\"potentialAction\":[{\"@type\":\"SearchAction\",\"target\":{\"@type\":\"EntryPoint\",\"urlTemplate\":\"https:\\\/\\\/elinformativotam.com\\\/?s={search_term_string}\"},\"query-input\":{\"@type\":\"PropertyValueSpecification\",\"valueRequired\":true,\"valueName\":\"search_term_string\"}}],\"inLanguage\":\"es\"},{\"@type\":\"Organization\",\"@id\":\"https:\\\/\\\/elinformativotam.com\\\/#organization\",\"name\":\"EL INFORMATIVO DE TAMAULIPAS\",\"url\":\"https:\\\/\\\/elinformativotam.com\\\/\",\"logo\":{\"@type\":\"ImageObject\",\"inLanguage\":\"es\",\"@id\":\"https:\\\/\\\/elinformativotam.com\\\/#\\\/schema\\\/logo\\\/image\\\/\",\"url\":\"https:\\\/\\\/elinformativotam.com\\\/wp-content\\\/uploads\\\/2026\\\/02\\\/Cabezal.png\",\"contentUrl\":\"https:\\\/\\\/elinformativotam.com\\\/wp-content\\\/uploads\\\/2026\\\/02\\\/Cabezal.png\",\"width\":960,\"height\":640,\"caption\":\"EL INFORMATIVO DE TAMAULIPAS\"},\"image\":{\"@id\":\"https:\\\/\\\/elinformativotam.com\\\/#\\\/schema\\\/logo\\\/image\\\/\"}},{\"@type\":\"Person\",\"@id\":\"https:\\\/\\\/elinformativotam.com\\\/#\\\/schema\\\/person\\\/78e08040eed0f6110f0c5f83b6153590\",\"name\":\"El Informativo Tam\",\"image\":{\"@type\":\"ImageObject\",\"inLanguage\":\"es\",\"@id\":\"https:\\\/\\\/secure.gravatar.com\\\/avatar\\\/f3b7ad3af540688955925ac610647be00b0cf41feea9c4978b73a707ee86bc53?s=96&d=mm&r=g\",\"url\":\"https:\\\/\\\/secure.gravatar.com\\\/avatar\\\/f3b7ad3af540688955925ac610647be00b0cf41feea9c4978b73a707ee86bc53?s=96&d=mm&r=g\",\"contentUrl\":\"https:\\\/\\\/secure.gravatar.com\\\/avatar\\\/f3b7ad3af540688955925ac610647be00b0cf41feea9c4978b73a707ee86bc53?s=96&d=mm&r=g\",\"caption\":\"El Informativo Tam\"}}]}<\/script>\n<!-- \/ Yoast SEO plugin. -->","yoast_head_json":{"title":"ENTREGAN DIF ALTAMIRA Y POSCO 22 SILLAS DE RUEDAS A PERSONAS CON DISCAPACIDAD - EL INFORMATIVO DE TAMAULIPAS","description":"*Contin\u00faa El Sistema Para El Desarrollo Integral De La Familia Trabajando En Equipo Con La Iniciativa Privada A Favor De Los Sectores Vulnerables. &nbsp;","robots":{"index":"index","follow":"follow","max-snippet":"max-snippet:-1","max-image-preview":"max-image-preview:large","max-video-preview":"max-video-preview:-1"},"canonical":"https:\/\/elinformativotam.com\/index.php\/2019\/12\/12\/entregan-dif-altamira-y-posco-22-sillas-de-ruedas-a-personas-con-discapacidad\/","og_locale":"es_MX","og_type":"article","og_title":"ENTREGAN DIF ALTAMIRA Y POSCO 22 SILLAS DE RUEDAS A PERSONAS CON DISCAPACIDAD - EL INFORMATIVO DE TAMAULIPAS","og_description":"*Contin\u00faa El Sistema Para El Desarrollo Integral De La Familia Trabajando En Equipo Con La Iniciativa Privada A Favor De Los Sectores Vulnerables. &nbsp;","og_url":"https:\/\/elinformativotam.com\/index.php\/2019\/12\/12\/entregan-dif-altamira-y-posco-22-sillas-de-ruedas-a-personas-con-discapacidad\/","og_site_name":"EL INFORMATIVO DE TAMAULIPAS","article_published_time":"2019-12-13T03:11:23+00:00","og_image":[{"url":"http:\/\/elinformativotam.com\/wp-content\/uploads\/2019\/12\/altamira-a-300x215.jpg","type":"","width":"","height":""}],"author":"El Informativo Tam","twitter_card":"summary_large_image","twitter_misc":{"Escrito por":"El Informativo Tam","Tiempo de lectura":"3 minutos"},"schema":{"@context":"https:\/\/schema.org","@graph":[{"@type":"Article","@id":"https:\/\/elinformativotam.com\/index.php\/2019\/12\/12\/entregan-dif-altamira-y-posco-22-sillas-de-ruedas-a-personas-con-discapacidad\/#article","isPartOf":{"@id":"https:\/\/elinformativotam.com\/index.php\/2019\/12\/12\/entregan-dif-altamira-y-posco-22-sillas-de-ruedas-a-personas-con-discapacidad\/"},"author":{"name":"El Informativo Tam","@id":"https:\/\/elinformativotam.com\/#\/schema\/person\/78e08040eed0f6110f0c5f83b6153590"},"headline":"ENTREGAN DIF ALTAMIRA Y POSCO 22 SILLAS DE RUEDAS A PERSONAS CON DISCAPACIDAD","datePublished":"2019-12-13T03:11:23+00:00","mainEntityOfPage":{"@id":"https:\/\/elinformativotam.com\/index.php\/2019\/12\/12\/entregan-dif-altamira-y-posco-22-sillas-de-ruedas-a-personas-con-discapacidad\/"},"wordCount":516,"commentCount":0,"publisher":{"@id":"https:\/\/elinformativotam.com\/#organization"},"image":{"@id":"https:\/\/elinformativotam.com\/index.php\/2019\/12\/12\/entregan-dif-altamira-y-posco-22-sillas-de-ruedas-a-personas-con-discapacidad\/#primaryimage"},"thumbnailUrl":"http:\/\/elinformativotam.com\/wp-content\/uploads\/2019\/12\/altamira-a-300x215.jpg","articleSection":["Altamira"],"inLanguage":"es","potentialAction":[{"@type":"CommentAction","name":"Comment","target":["https:\/\/elinformativotam.com\/index.php\/2019\/12\/12\/entregan-dif-altamira-y-posco-22-sillas-de-ruedas-a-personas-con-discapacidad\/#respond"]}]},{"@type":"WebPage","@id":"https:\/\/elinformativotam.com\/index.php\/2019\/12\/12\/entregan-dif-altamira-y-posco-22-sillas-de-ruedas-a-personas-con-discapacidad\/","url":"https:\/\/elinformativotam.com\/index.php\/2019\/12\/12\/entregan-dif-altamira-y-posco-22-sillas-de-ruedas-a-personas-con-discapacidad\/","name":"ENTREGAN DIF ALTAMIRA Y POSCO 22 SILLAS DE RUEDAS A PERSONAS CON DISCAPACIDAD - EL INFORMATIVO DE TAMAULIPAS","isPartOf":{"@id":"https:\/\/elinformativotam.com\/#website"},"primaryImageOfPage":{"@id":"https:\/\/elinformativotam.com\/index.php\/2019\/12\/12\/entregan-dif-altamira-y-posco-22-sillas-de-ruedas-a-personas-con-discapacidad\/#primaryimage"},"image":{"@id":"https:\/\/elinformativotam.com\/index.php\/2019\/12\/12\/entregan-dif-altamira-y-posco-22-sillas-de-ruedas-a-personas-con-discapacidad\/#primaryimage"},"thumbnailUrl":"http:\/\/elinformativotam.com\/wp-content\/uploads\/2019\/12\/altamira-a-300x215.jpg","datePublished":"2019-12-13T03:11:23+00:00","description":"*Contin\u00faa El Sistema Para El Desarrollo Integral De La Familia Trabajando En Equipo Con La Iniciativa Privada A Favor De Los Sectores Vulnerables. &nbsp;","inLanguage":"es","potentialAction":[{"@type":"ReadAction","target":["https:\/\/elinformativotam.com\/index.php\/2019\/12\/12\/entregan-dif-altamira-y-posco-22-sillas-de-ruedas-a-personas-con-discapacidad\/"]}]},{"@type":"ImageObject","inLanguage":"es","@id":"https:\/\/elinformativotam.com\/index.php\/2019\/12\/12\/entregan-dif-altamira-y-posco-22-sillas-de-ruedas-a-personas-con-discapacidad\/#primaryimage","url":"http:\/\/elinformativotam.com\/wp-content\/uploads\/2019\/12\/altamira-a-300x215.jpg","contentUrl":"http:\/\/elinformativotam.com\/wp-content\/uploads\/2019\/12\/altamira-a-300x215.jpg"},{"@type":"WebSite","@id":"https:\/\/elinformativotam.com\/#website","url":"https:\/\/elinformativotam.com\/","name":"EL INFORMATIVO DE TAMAULIPAS","description":"Desde la Zona Metropolitana Para Todo M\u00e9xico","publisher":{"@id":"https:\/\/elinformativotam.com\/#organization"},"potentialAction":[{"@type":"SearchAction","target":{"@type":"EntryPoint","urlTemplate":"https:\/\/elinformativotam.com\/?s={search_term_string}"},"query-input":{"@type":"PropertyValueSpecification","valueRequired":true,"valueName":"search_term_string"}}],"inLanguage":"es"},{"@type":"Organization","@id":"https:\/\/elinformativotam.com\/#organization","name":"EL INFORMATIVO DE TAMAULIPAS","url":"https:\/\/elinformativotam.com\/","logo":{"@type":"ImageObject","inLanguage":"es","@id":"https:\/\/elinformativotam.com\/#\/schema\/logo\/image\/","url":"https:\/\/elinformativotam.com\/wp-content\/uploads\/2026\/02\/Cabezal.png","contentUrl":"https:\/\/elinformativotam.com\/wp-content\/uploads\/2026\/02\/Cabezal.png","width":960,"height":640,"caption":"EL INFORMATIVO DE TAMAULIPAS"},"image":{"@id":"https:\/\/elinformativotam.com\/#\/schema\/logo\/image\/"}},{"@type":"Person","@id":"https:\/\/elinformativotam.com\/#\/schema\/person\/78e08040eed0f6110f0c5f83b6153590","name":"El Informativo Tam","image":{"@type":"ImageObject","inLanguage":"es","@id":"https:\/\/secure.gravatar.com\/avatar\/f3b7ad3af540688955925ac610647be00b0cf41feea9c4978b73a707ee86bc53?s=96&d=mm&r=g","url":"https:\/\/secure.gravatar.com\/avatar\/f3b7ad3af540688955925ac610647be00b0cf41feea9c4978b73a707ee86bc53?s=96&d=mm&r=g","contentUrl":"https:\/\/secure.gravatar.com\/avatar\/f3b7ad3af540688955925ac610647be00b0cf41feea9c4978b73a707ee86bc53?s=96&d=mm&r=g","caption":"El Informativo Tam"}}]}},"_links":{"self":[{"href":"https:\/\/elinformativotam.com\/index.php\/wp-json\/wp\/v2\/posts\/1053","targetHints":{"allow":["GET"]}}],"collection":[{"href":"https:\/\/elinformativotam.com\/index.php\/wp-json\/wp\/v2\/posts"}],"about":[{"href":"https:\/\/elinformativotam.com\/index.php\/wp-json\/wp\/v2\/types\/post"}],"author":[{"embeddable":true,"href":"https:\/\/elinformativotam.com\/index.php\/wp-json\/wp\/v2\/users\/1"}],"replies":[{"embeddable":true,"href":"https:\/\/elinformativotam.com\/index.php\/wp-json\/wp\/v2\/comments?post=1053"}],"version-history":[{"count":0,"href":"https:\/\/elinformativotam.com\/index.php\/wp-json\/wp\/v2\/posts\/1053\/revisions"}],"wp:attachment":[{"href":"https:\/\/elinformativotam.com\/index.php\/wp-json\/wp\/v2\/media?parent=1053"}],"wp:term":[{"taxonomy":"category","embeddable":true,"href":"https:\/\/elinformativotam.com\/index.php\/wp-json\/wp\/v2\/categories?post=1053"},{"taxonomy":"post_tag","embeddable":true,"href":"https:\/\/elinformativotam.com\/index.php\/wp-json\/wp\/v2\/tags?post=1053"}],"curies":[{"name":"wp","href":"https:\/\/api.w.org\/{rel}","templated":true}]}}