{"id":1041,"date":"2019-12-12T20:39:39","date_gmt":"2019-12-13T02:39:39","guid":{"rendered":"http:\/\/elinformativotam.com\/?p=1041"},"modified":"2019-12-12T20:39:39","modified_gmt":"2019-12-13T02:39:39","slug":"gran-respuesta-a-la-feria-navidena-del-dif-madero","status":"publish","type":"post","link":"https:\/\/elinformativotam.com\/index.php\/2019\/12\/12\/gran-respuesta-a-la-feria-navidena-del-dif-madero\/","title":{"rendered":"GRAN RESPUESTA A LA FERIA NAVIDE\u00d1A DEL DIF MADERO"},"content":{"rendered":"<p>Con gran \u00e9xito se llev\u00f3 a cabo la Feria Navide\u00f1a del Sistema DIF de Ciudad Madero, que preside la Sra. Ana Cristina Organista de Oseguera, donde cientos de maderenses adquirieron diversos productos elaborados por los estudiantes del CEDIF y abuelitos de la Casa Club.<\/p>\n<p>&nbsp;<\/p>\n<p>Para reconocer el talento de los ni\u00f1os y adultos mayores, la primera dama en la urbe petrolera, realiz\u00f3 un recorrido por los diferentes stands y se\u00f1al\u00f3 que \u201cgracias al esfuerzo que realizan en sus talleres, hoy estamos ofreciendo bonitos productos y diversos servicios a la poblaci\u00f3n en esta fechas tan importantes. Todo es de muy buena calidad, pero lo m\u00e1s importante, est\u00e1 hecho con amor y dedicaci\u00f3n\u201d.<\/p>\n<p>&nbsp;<\/p>\n<p>En esta Feria Navide\u00f1a que se ubic\u00f3 en la techumbre de la plaza Isauro Alfaro, los ciudadanos adquirieron ropa, zapatos, bolsas, bisuter\u00eda, as\u00ed como manualidades y diversos accesorios, ayudando en l amovilidad econ\u00f3mica de tan importante sector social.<\/p>\n<p>&nbsp;<\/p>\n<p>Al t\u00e9rmino de su recorrido, Organista de Oseguera expres\u00f3: \u201cLes deseo a todas las familias una bonita navidad y que la alegr\u00eda y amor se hagan presentes en sus hogares, refrendo mi compromiso con ustedes de apoyarlos en la econom\u00eda de sus hogares con acciones como estas, fortaleci\u00e9ndonos as\u00ed, como un municipio de inclusi\u00f3n social\u201d finaliz\u00f3 la titular del organismo asistencial.<\/p>\n","protected":false},"excerpt":{"rendered":"<p>Con gran \u00e9xito se llev\u00f3 a cabo la Feria Navide\u00f1a del Sistema DIF de Ciudad Madero, que preside la Sra.&hellip;<\/p>\n","protected":false},"author":1,"featured_media":0,"comment_status":"open","ping_status":"open","sticky":false,"template":"","format":"standard","meta":{"footnotes":""},"categories":[4],"tags":[],"class_list":["post-1041","post","type-post","status-publish","format-standard","hentry","category-madero"],"yoast_head":"<!-- This site is optimized with the Yoast SEO plugin v27.5 - https:\/\/yoast.com\/product\/yoast-seo-wordpress\/ -->\n<title>GRAN RESPUESTA A LA FERIA NAVIDE\u00d1A DEL DIF MADERO - EL INFORMATIVO DE TAMAULIPAS<\/title>\n<meta name=\"description\" content=\"Con gran \u00e9xito se llev\u00f3 a cabo la Feria Navide\u00f1a del Sistema DIF de Ciudad Madero, que preside la Sra. Ana Cristina Organista de Oseguera, donde cientos\" \/>\n<meta name=\"robots\" content=\"index, follow, max-snippet:-1, max-image-preview:large, max-video-preview:-1\" \/>\n<link rel=\"canonical\" href=\"https:\/\/elinformativotam.com\/index.php\/2019\/12\/12\/gran-respuesta-a-la-feria-navidena-del-dif-madero\/\" \/>\n<meta property=\"og:locale\" content=\"es_MX\" \/>\n<meta property=\"og:type\" content=\"article\" \/>\n<meta property=\"og:title\" content=\"GRAN RESPUESTA A LA FERIA NAVIDE\u00d1A DEL DIF MADERO - EL INFORMATIVO DE TAMAULIPAS\" \/>\n<meta property=\"og:description\" content=\"Con gran \u00e9xito se llev\u00f3 a cabo la Feria Navide\u00f1a del Sistema DIF de Ciudad Madero, que preside la Sra. Ana Cristina Organista de Oseguera, donde cientos\" \/>\n<meta property=\"og:url\" content=\"https:\/\/elinformativotam.com\/index.php\/2019\/12\/12\/gran-respuesta-a-la-feria-navidena-del-dif-madero\/\" \/>\n<meta property=\"og:site_name\" content=\"EL INFORMATIVO DE TAMAULIPAS\" \/>\n<meta property=\"article:published_time\" content=\"2019-12-13T02:39:39+00:00\" \/>\n<meta name=\"author\" content=\"El Informativo Tam\" \/>\n<meta name=\"twitter:card\" content=\"summary_large_image\" \/>\n<meta name=\"twitter:label1\" content=\"Escrito por\" \/>\n\t<meta name=\"twitter:data1\" content=\"El Informativo Tam\" \/>\n\t<meta name=\"twitter:label2\" content=\"Tiempo de lectura\" \/>\n\t<meta name=\"twitter:data2\" content=\"1 minuto\" \/>\n<script type=\"application\/ld+json\" class=\"yoast-schema-graph\">{\"@context\":\"https:\\\/\\\/schema.org\",\"@graph\":[{\"@type\":\"Article\",\"@id\":\"https:\\\/\\\/elinformativotam.com\\\/index.php\\\/2019\\\/12\\\/12\\\/gran-respuesta-a-la-feria-navidena-del-dif-madero\\\/#article\",\"isPartOf\":{\"@id\":\"https:\\\/\\\/elinformativotam.com\\\/index.php\\\/2019\\\/12\\\/12\\\/gran-respuesta-a-la-feria-navidena-del-dif-madero\\\/\"},\"author\":{\"name\":\"El Informativo Tam\",\"@id\":\"https:\\\/\\\/elinformativotam.com\\\/#\\\/schema\\\/person\\\/78e08040eed0f6110f0c5f83b6153590\"},\"headline\":\"GRAN RESPUESTA A LA FERIA NAVIDE\u00d1A DEL DIF MADERO\",\"datePublished\":\"2019-12-13T02:39:39+00:00\",\"mainEntityOfPage\":{\"@id\":\"https:\\\/\\\/elinformativotam.com\\\/index.php\\\/2019\\\/12\\\/12\\\/gran-respuesta-a-la-feria-navidena-del-dif-madero\\\/\"},\"wordCount\":237,\"commentCount\":0,\"publisher\":{\"@id\":\"https:\\\/\\\/elinformativotam.com\\\/#organization\"},\"articleSection\":[\"Cd Madero\"],\"inLanguage\":\"es\",\"potentialAction\":[{\"@type\":\"CommentAction\",\"name\":\"Comment\",\"target\":[\"https:\\\/\\\/elinformativotam.com\\\/index.php\\\/2019\\\/12\\\/12\\\/gran-respuesta-a-la-feria-navidena-del-dif-madero\\\/#respond\"]}]},{\"@type\":\"WebPage\",\"@id\":\"https:\\\/\\\/elinformativotam.com\\\/index.php\\\/2019\\\/12\\\/12\\\/gran-respuesta-a-la-feria-navidena-del-dif-madero\\\/\",\"url\":\"https:\\\/\\\/elinformativotam.com\\\/index.php\\\/2019\\\/12\\\/12\\\/gran-respuesta-a-la-feria-navidena-del-dif-madero\\\/\",\"name\":\"GRAN RESPUESTA A LA FERIA NAVIDE\u00d1A DEL DIF MADERO - EL INFORMATIVO DE TAMAULIPAS\",\"isPartOf\":{\"@id\":\"https:\\\/\\\/elinformativotam.com\\\/#website\"},\"datePublished\":\"2019-12-13T02:39:39+00:00\",\"description\":\"Con gran \u00e9xito se llev\u00f3 a cabo la Feria Navide\u00f1a del Sistema DIF de Ciudad Madero, que preside la Sra. Ana Cristina Organista de Oseguera, donde cientos\",\"inLanguage\":\"es\",\"potentialAction\":[{\"@type\":\"ReadAction\",\"target\":[\"https:\\\/\\\/elinformativotam.com\\\/index.php\\\/2019\\\/12\\\/12\\\/gran-respuesta-a-la-feria-navidena-del-dif-madero\\\/\"]}]},{\"@type\":\"WebSite\",\"@id\":\"https:\\\/\\\/elinformativotam.com\\\/#website\",\"url\":\"https:\\\/\\\/elinformativotam.com\\\/\",\"name\":\"EL INFORMATIVO DE TAMAULIPAS\",\"description\":\"Desde la Zona Metropolitana Para Todo M\u00e9xico\",\"publisher\":{\"@id\":\"https:\\\/\\\/elinformativotam.com\\\/#organization\"},\"potentialAction\":[{\"@type\":\"SearchAction\",\"target\":{\"@type\":\"EntryPoint\",\"urlTemplate\":\"https:\\\/\\\/elinformativotam.com\\\/?s={search_term_string}\"},\"query-input\":{\"@type\":\"PropertyValueSpecification\",\"valueRequired\":true,\"valueName\":\"search_term_string\"}}],\"inLanguage\":\"es\"},{\"@type\":\"Organization\",\"@id\":\"https:\\\/\\\/elinformativotam.com\\\/#organization\",\"name\":\"EL INFORMATIVO DE TAMAULIPAS\",\"url\":\"https:\\\/\\\/elinformativotam.com\\\/\",\"logo\":{\"@type\":\"ImageObject\",\"inLanguage\":\"es\",\"@id\":\"https:\\\/\\\/elinformativotam.com\\\/#\\\/schema\\\/logo\\\/image\\\/\",\"url\":\"https:\\\/\\\/elinformativotam.com\\\/wp-content\\\/uploads\\\/2026\\\/02\\\/Cabezal.png\",\"contentUrl\":\"https:\\\/\\\/elinformativotam.com\\\/wp-content\\\/uploads\\\/2026\\\/02\\\/Cabezal.png\",\"width\":960,\"height\":640,\"caption\":\"EL INFORMATIVO DE TAMAULIPAS\"},\"image\":{\"@id\":\"https:\\\/\\\/elinformativotam.com\\\/#\\\/schema\\\/logo\\\/image\\\/\"}},{\"@type\":\"Person\",\"@id\":\"https:\\\/\\\/elinformativotam.com\\\/#\\\/schema\\\/person\\\/78e08040eed0f6110f0c5f83b6153590\",\"name\":\"El Informativo Tam\",\"image\":{\"@type\":\"ImageObject\",\"inLanguage\":\"es\",\"@id\":\"https:\\\/\\\/secure.gravatar.com\\\/avatar\\\/f3b7ad3af540688955925ac610647be00b0cf41feea9c4978b73a707ee86bc53?s=96&d=mm&r=g\",\"url\":\"https:\\\/\\\/secure.gravatar.com\\\/avatar\\\/f3b7ad3af540688955925ac610647be00b0cf41feea9c4978b73a707ee86bc53?s=96&d=mm&r=g\",\"contentUrl\":\"https:\\\/\\\/secure.gravatar.com\\\/avatar\\\/f3b7ad3af540688955925ac610647be00b0cf41feea9c4978b73a707ee86bc53?s=96&d=mm&r=g\",\"caption\":\"El Informativo Tam\"}}]}<\/script>\n<!-- \/ Yoast SEO plugin. -->","yoast_head_json":{"title":"GRAN RESPUESTA A LA FERIA NAVIDE\u00d1A DEL DIF MADERO - EL INFORMATIVO DE TAMAULIPAS","description":"Con gran \u00e9xito se llev\u00f3 a cabo la Feria Navide\u00f1a del Sistema DIF de Ciudad Madero, que preside la Sra. Ana Cristina Organista de Oseguera, donde cientos","robots":{"index":"index","follow":"follow","max-snippet":"max-snippet:-1","max-image-preview":"max-image-preview:large","max-video-preview":"max-video-preview:-1"},"canonical":"https:\/\/elinformativotam.com\/index.php\/2019\/12\/12\/gran-respuesta-a-la-feria-navidena-del-dif-madero\/","og_locale":"es_MX","og_type":"article","og_title":"GRAN RESPUESTA A LA FERIA NAVIDE\u00d1A DEL DIF MADERO - EL INFORMATIVO DE TAMAULIPAS","og_description":"Con gran \u00e9xito se llev\u00f3 a cabo la Feria Navide\u00f1a del Sistema DIF de Ciudad Madero, que preside la Sra. Ana Cristina Organista de Oseguera, donde cientos","og_url":"https:\/\/elinformativotam.com\/index.php\/2019\/12\/12\/gran-respuesta-a-la-feria-navidena-del-dif-madero\/","og_site_name":"EL INFORMATIVO DE TAMAULIPAS","article_published_time":"2019-12-13T02:39:39+00:00","author":"El Informativo Tam","twitter_card":"summary_large_image","twitter_misc":{"Escrito por":"El Informativo Tam","Tiempo de lectura":"1 minuto"},"schema":{"@context":"https:\/\/schema.org","@graph":[{"@type":"Article","@id":"https:\/\/elinformativotam.com\/index.php\/2019\/12\/12\/gran-respuesta-a-la-feria-navidena-del-dif-madero\/#article","isPartOf":{"@id":"https:\/\/elinformativotam.com\/index.php\/2019\/12\/12\/gran-respuesta-a-la-feria-navidena-del-dif-madero\/"},"author":{"name":"El Informativo Tam","@id":"https:\/\/elinformativotam.com\/#\/schema\/person\/78e08040eed0f6110f0c5f83b6153590"},"headline":"GRAN RESPUESTA A LA FERIA NAVIDE\u00d1A DEL DIF MADERO","datePublished":"2019-12-13T02:39:39+00:00","mainEntityOfPage":{"@id":"https:\/\/elinformativotam.com\/index.php\/2019\/12\/12\/gran-respuesta-a-la-feria-navidena-del-dif-madero\/"},"wordCount":237,"commentCount":0,"publisher":{"@id":"https:\/\/elinformativotam.com\/#organization"},"articleSection":["Cd Madero"],"inLanguage":"es","potentialAction":[{"@type":"CommentAction","name":"Comment","target":["https:\/\/elinformativotam.com\/index.php\/2019\/12\/12\/gran-respuesta-a-la-feria-navidena-del-dif-madero\/#respond"]}]},{"@type":"WebPage","@id":"https:\/\/elinformativotam.com\/index.php\/2019\/12\/12\/gran-respuesta-a-la-feria-navidena-del-dif-madero\/","url":"https:\/\/elinformativotam.com\/index.php\/2019\/12\/12\/gran-respuesta-a-la-feria-navidena-del-dif-madero\/","name":"GRAN RESPUESTA A LA FERIA NAVIDE\u00d1A DEL DIF MADERO - EL INFORMATIVO DE TAMAULIPAS","isPartOf":{"@id":"https:\/\/elinformativotam.com\/#website"},"datePublished":"2019-12-13T02:39:39+00:00","description":"Con gran \u00e9xito se llev\u00f3 a cabo la Feria Navide\u00f1a del Sistema DIF de Ciudad Madero, que preside la Sra. Ana Cristina Organista de Oseguera, donde cientos","inLanguage":"es","potentialAction":[{"@type":"ReadAction","target":["https:\/\/elinformativotam.com\/index.php\/2019\/12\/12\/gran-respuesta-a-la-feria-navidena-del-dif-madero\/"]}]},{"@type":"WebSite","@id":"https:\/\/elinformativotam.com\/#website","url":"https:\/\/elinformativotam.com\/","name":"EL INFORMATIVO DE TAMAULIPAS","description":"Desde la Zona Metropolitana Para Todo M\u00e9xico","publisher":{"@id":"https:\/\/elinformativotam.com\/#organization"},"potentialAction":[{"@type":"SearchAction","target":{"@type":"EntryPoint","urlTemplate":"https:\/\/elinformativotam.com\/?s={search_term_string}"},"query-input":{"@type":"PropertyValueSpecification","valueRequired":true,"valueName":"search_term_string"}}],"inLanguage":"es"},{"@type":"Organization","@id":"https:\/\/elinformativotam.com\/#organization","name":"EL INFORMATIVO DE TAMAULIPAS","url":"https:\/\/elinformativotam.com\/","logo":{"@type":"ImageObject","inLanguage":"es","@id":"https:\/\/elinformativotam.com\/#\/schema\/logo\/image\/","url":"https:\/\/elinformativotam.com\/wp-content\/uploads\/2026\/02\/Cabezal.png","contentUrl":"https:\/\/elinformativotam.com\/wp-content\/uploads\/2026\/02\/Cabezal.png","width":960,"height":640,"caption":"EL INFORMATIVO DE TAMAULIPAS"},"image":{"@id":"https:\/\/elinformativotam.com\/#\/schema\/logo\/image\/"}},{"@type":"Person","@id":"https:\/\/elinformativotam.com\/#\/schema\/person\/78e08040eed0f6110f0c5f83b6153590","name":"El Informativo Tam","image":{"@type":"ImageObject","inLanguage":"es","@id":"https:\/\/secure.gravatar.com\/avatar\/f3b7ad3af540688955925ac610647be00b0cf41feea9c4978b73a707ee86bc53?s=96&d=mm&r=g","url":"https:\/\/secure.gravatar.com\/avatar\/f3b7ad3af540688955925ac610647be00b0cf41feea9c4978b73a707ee86bc53?s=96&d=mm&r=g","contentUrl":"https:\/\/secure.gravatar.com\/avatar\/f3b7ad3af540688955925ac610647be00b0cf41feea9c4978b73a707ee86bc53?s=96&d=mm&r=g","caption":"El Informativo Tam"}}]}},"_links":{"self":[{"href":"https:\/\/elinformativotam.com\/index.php\/wp-json\/wp\/v2\/posts\/1041","targetHints":{"allow":["GET"]}}],"collection":[{"href":"https:\/\/elinformativotam.com\/index.php\/wp-json\/wp\/v2\/posts"}],"about":[{"href":"https:\/\/elinformativotam.com\/index.php\/wp-json\/wp\/v2\/types\/post"}],"author":[{"embeddable":true,"href":"https:\/\/elinformativotam.com\/index.php\/wp-json\/wp\/v2\/users\/1"}],"replies":[{"embeddable":true,"href":"https:\/\/elinformativotam.com\/index.php\/wp-json\/wp\/v2\/comments?post=1041"}],"version-history":[{"count":0,"href":"https:\/\/elinformativotam.com\/index.php\/wp-json\/wp\/v2\/posts\/1041\/revisions"}],"wp:attachment":[{"href":"https:\/\/elinformativotam.com\/index.php\/wp-json\/wp\/v2\/media?parent=1041"}],"wp:term":[{"taxonomy":"category","embeddable":true,"href":"https:\/\/elinformativotam.com\/index.php\/wp-json\/wp\/v2\/categories?post=1041"},{"taxonomy":"post_tag","embeddable":true,"href":"https:\/\/elinformativotam.com\/index.php\/wp-json\/wp\/v2\/tags?post=1041"}],"curies":[{"name":"wp","href":"https:\/\/api.w.org\/{rel}","templated":true}]}}