{"id":1032,"date":"2019-12-12T06:52:06","date_gmt":"2019-12-12T12:52:06","guid":{"rendered":"http:\/\/elinformativotam.com\/?p=1032"},"modified":"2019-12-12T06:52:06","modified_gmt":"2019-12-12T12:52:06","slug":"adrian-oseguera-da-banderazo-al-operativo-de-seguridad-decembrino-2019","status":"publish","type":"post","link":"https:\/\/elinformativotam.com\/index.php\/2019\/12\/12\/adrian-oseguera-da-banderazo-al-operativo-de-seguridad-decembrino-2019\/","title":{"rendered":"ADRI\u00c1N OSEGUERA DA BANDERAZO AL \u201cOPERATIVO DE SEGURIDAD DECEMBRINO 2019\u201d"},"content":{"rendered":"<h3><em><strong>* A Partir Del 21 De Diciembre La Secretar\u00eda De Marina Implementar\u00e1 La \u201cOperaci\u00f3n Salvavidas Invierno 2019\u201d<\/strong><\/em><\/h3>\n<p>&nbsp;<\/p>\n<p>M\u00e1s de 500 elementos de los tres niveles de Gobierno trabajando juntos para garantizar la paz y tranquilidad de los maderenses, participan en el \u201cOperativo de Seguridad Decembrino 2019\u201d en Ciudad Madero, mismo que dio arranque este lunes con el banderazo del alcalde Adri\u00e1n Oseguera Kernion y su esposa, la Sra. Ana Cristina Organista de Oseguera.<\/p>\n<p>&nbsp;<\/p>\n<p>Con dicha estrategia, destac\u00f3 el edil maderense, comerciantes y ciudadan\u00eda estar\u00e1n resguardados con la presencia de elementos de la Secretar\u00eda de Marina, la Secretar\u00eda Nacional de Defensa, Guardia Nacional, Polic\u00eda Estatal Acreditable, Polic\u00eda Investigadora de Ciudad Madero, as\u00ed como la Cruz Roja, Tr\u00e1nsito y Protecci\u00f3n Civil.<\/p>\n<p>&nbsp;<\/p>\n<p>\u201cUna navidad segura sin duda es una navidad feliz, por ello, mi reconocimiento muy especial a todos los cuerpos de seguridad. Consolidemos un equipo para lograr el regalo m\u00e1s valioso de esta temporada: la tranquillidad de nuestras familias. Hagamos que Ciudad Madero viva la magia de una navidad en paz\u201d, enfatiz\u00f3 el Presidente Municipal.<\/p>\n<p><img loading=\"lazy\" decoding=\"async\" class=\"alignnone  wp-image-1034\" src=\"https:\/\/elinformativotam.com\/wp-content\/uploads\/2019\/12\/oseguera-5-300x217.jpg\" alt=\"\" width=\"778\" height=\"563\" \/><\/p>\n<p>Asimismo, adem\u00e1s de coadyuvar en la prevenci\u00f3n de cualquier actividad il\u00edcita, a partir del 21 de diciembre la Secretar\u00eda de Marina implementar\u00e1 la \u201cOperaci\u00f3n Salvavidas Invierno 2019\u201d mediante el despliegue de mil 500 elementos que vigilar\u00e1n v\u00eda terrestre, a\u00e9rea y mar\u00edtima la zona costera de Tamaulipas.<\/p>\n<p>&nbsp;<\/p>\n<p>Por estas acciones, el presidente de la Canaco en Ciudad Madero, H\u00e9ctor Lim\u00f3n Galindo, se\u00f1al\u00f3: \u201cNuestro reconocimiento y agradecimiento al alcalde por su preocupaci\u00f3n constante en darnos algo tan preciado como es la seguridad\u201d.<\/p>\n<p>&nbsp;<\/p>\n<p>Estuvieron presentes en el banderazo, el capit\u00e1n de nav\u00edo Carlos Alberto Rodr\u00edguez Carre\u00f3n, en representaci\u00f3n del Vicealmirante Cuerpo General DEM Mario Maqueda Mendoza, comandante de la Primera Zona Naval; el teniente Coronel de Infanter\u00eda, Jos\u00e9 Manuel Flores Bello, en representaci\u00f3n del Coronel de Infanter\u00eda Joel Vega Gasga, comandante del 15\/o. Batall\u00f3n de Infanter\u00eda; autoridades de la Polic\u00eda Federal, Guardia Nacional, Polic\u00eda Estatal, Polic\u00eda Investigadora de Ciudad Madero, as\u00ed como autoridades de Canacintra, Ciest y Cecotur<\/p>\n","protected":false},"excerpt":{"rendered":"<p>* A Partir Del 21 De Diciembre La Secretar\u00eda De Marina Implementar\u00e1 La \u201cOperaci\u00f3n Salvavidas Invierno 2019\u201d &nbsp; M\u00e1s de&hellip;<\/p>\n","protected":false},"author":1,"featured_media":0,"comment_status":"open","ping_status":"open","sticky":false,"template":"","format":"standard","meta":{"footnotes":""},"categories":[4],"tags":[],"class_list":["post-1032","post","type-post","status-publish","format-standard","hentry","category-madero"],"yoast_head":"<!-- This site is optimized with the Yoast SEO plugin v27.5 - https:\/\/yoast.com\/product\/yoast-seo-wordpress\/ -->\n<title>ADRI\u00c1N OSEGUERA DA BANDERAZO AL \u201cOPERATIVO DE SEGURIDAD DECEMBRINO 2019\u201d - EL INFORMATIVO DE TAMAULIPAS<\/title>\n<meta name=\"description\" content=\"* A Partir Del 21 De Diciembre La Secretar\u00eda De Marina Implementar\u00e1 La \u201cOperaci\u00f3n Salvavidas Invierno 2019\u201d &nbsp; M\u00e1s de 500 elementos de los tres\" \/>\n<meta name=\"robots\" content=\"index, follow, max-snippet:-1, max-image-preview:large, max-video-preview:-1\" \/>\n<link rel=\"canonical\" href=\"https:\/\/elinformativotam.com\/index.php\/2019\/12\/12\/adrian-oseguera-da-banderazo-al-operativo-de-seguridad-decembrino-2019\/\" \/>\n<meta property=\"og:locale\" content=\"es_MX\" \/>\n<meta property=\"og:type\" content=\"article\" \/>\n<meta property=\"og:title\" content=\"ADRI\u00c1N OSEGUERA DA BANDERAZO AL \u201cOPERATIVO DE SEGURIDAD DECEMBRINO 2019\u201d - EL INFORMATIVO DE TAMAULIPAS\" \/>\n<meta property=\"og:description\" content=\"* A Partir Del 21 De Diciembre La Secretar\u00eda De Marina Implementar\u00e1 La \u201cOperaci\u00f3n Salvavidas Invierno 2019\u201d &nbsp; M\u00e1s de 500 elementos de los tres\" \/>\n<meta property=\"og:url\" content=\"https:\/\/elinformativotam.com\/index.php\/2019\/12\/12\/adrian-oseguera-da-banderazo-al-operativo-de-seguridad-decembrino-2019\/\" \/>\n<meta property=\"og:site_name\" content=\"EL INFORMATIVO DE TAMAULIPAS\" \/>\n<meta property=\"article:published_time\" content=\"2019-12-12T12:52:06+00:00\" \/>\n<meta property=\"og:image\" content=\"http:\/\/elinformativotam.com\/wp-content\/uploads\/2019\/12\/oseguera-5-300x217.jpg\" \/>\n<meta name=\"author\" content=\"El Informativo Tam\" \/>\n<meta name=\"twitter:card\" content=\"summary_large_image\" \/>\n<meta name=\"twitter:label1\" content=\"Escrito por\" \/>\n\t<meta name=\"twitter:data1\" content=\"El Informativo Tam\" \/>\n\t<meta name=\"twitter:label2\" content=\"Tiempo de lectura\" \/>\n\t<meta name=\"twitter:data2\" content=\"2 minutos\" \/>\n<script type=\"application\/ld+json\" class=\"yoast-schema-graph\">{\"@context\":\"https:\\\/\\\/schema.org\",\"@graph\":[{\"@type\":\"Article\",\"@id\":\"https:\\\/\\\/elinformativotam.com\\\/index.php\\\/2019\\\/12\\\/12\\\/adrian-oseguera-da-banderazo-al-operativo-de-seguridad-decembrino-2019\\\/#article\",\"isPartOf\":{\"@id\":\"https:\\\/\\\/elinformativotam.com\\\/index.php\\\/2019\\\/12\\\/12\\\/adrian-oseguera-da-banderazo-al-operativo-de-seguridad-decembrino-2019\\\/\"},\"author\":{\"name\":\"El Informativo Tam\",\"@id\":\"https:\\\/\\\/elinformativotam.com\\\/#\\\/schema\\\/person\\\/78e08040eed0f6110f0c5f83b6153590\"},\"headline\":\"ADRI\u00c1N OSEGUERA DA BANDERAZO AL \u201cOPERATIVO DE SEGURIDAD DECEMBRINO 2019\u201d\",\"datePublished\":\"2019-12-12T12:52:06+00:00\",\"mainEntityOfPage\":{\"@id\":\"https:\\\/\\\/elinformativotam.com\\\/index.php\\\/2019\\\/12\\\/12\\\/adrian-oseguera-da-banderazo-al-operativo-de-seguridad-decembrino-2019\\\/\"},\"wordCount\":374,\"commentCount\":0,\"publisher\":{\"@id\":\"https:\\\/\\\/elinformativotam.com\\\/#organization\"},\"image\":{\"@id\":\"https:\\\/\\\/elinformativotam.com\\\/index.php\\\/2019\\\/12\\\/12\\\/adrian-oseguera-da-banderazo-al-operativo-de-seguridad-decembrino-2019\\\/#primaryimage\"},\"thumbnailUrl\":\"http:\\\/\\\/elinformativotam.com\\\/wp-content\\\/uploads\\\/2019\\\/12\\\/oseguera-5-300x217.jpg\",\"articleSection\":[\"Cd Madero\"],\"inLanguage\":\"es\",\"potentialAction\":[{\"@type\":\"CommentAction\",\"name\":\"Comment\",\"target\":[\"https:\\\/\\\/elinformativotam.com\\\/index.php\\\/2019\\\/12\\\/12\\\/adrian-oseguera-da-banderazo-al-operativo-de-seguridad-decembrino-2019\\\/#respond\"]}]},{\"@type\":\"WebPage\",\"@id\":\"https:\\\/\\\/elinformativotam.com\\\/index.php\\\/2019\\\/12\\\/12\\\/adrian-oseguera-da-banderazo-al-operativo-de-seguridad-decembrino-2019\\\/\",\"url\":\"https:\\\/\\\/elinformativotam.com\\\/index.php\\\/2019\\\/12\\\/12\\\/adrian-oseguera-da-banderazo-al-operativo-de-seguridad-decembrino-2019\\\/\",\"name\":\"ADRI\u00c1N OSEGUERA DA BANDERAZO AL \u201cOPERATIVO DE SEGURIDAD DECEMBRINO 2019\u201d - EL INFORMATIVO DE TAMAULIPAS\",\"isPartOf\":{\"@id\":\"https:\\\/\\\/elinformativotam.com\\\/#website\"},\"primaryImageOfPage\":{\"@id\":\"https:\\\/\\\/elinformativotam.com\\\/index.php\\\/2019\\\/12\\\/12\\\/adrian-oseguera-da-banderazo-al-operativo-de-seguridad-decembrino-2019\\\/#primaryimage\"},\"image\":{\"@id\":\"https:\\\/\\\/elinformativotam.com\\\/index.php\\\/2019\\\/12\\\/12\\\/adrian-oseguera-da-banderazo-al-operativo-de-seguridad-decembrino-2019\\\/#primaryimage\"},\"thumbnailUrl\":\"http:\\\/\\\/elinformativotam.com\\\/wp-content\\\/uploads\\\/2019\\\/12\\\/oseguera-5-300x217.jpg\",\"datePublished\":\"2019-12-12T12:52:06+00:00\",\"description\":\"* A Partir Del 21 De Diciembre La Secretar\u00eda De Marina Implementar\u00e1 La \u201cOperaci\u00f3n Salvavidas Invierno 2019\u201d &nbsp; M\u00e1s de 500 elementos de los tres\",\"inLanguage\":\"es\",\"potentialAction\":[{\"@type\":\"ReadAction\",\"target\":[\"https:\\\/\\\/elinformativotam.com\\\/index.php\\\/2019\\\/12\\\/12\\\/adrian-oseguera-da-banderazo-al-operativo-de-seguridad-decembrino-2019\\\/\"]}]},{\"@type\":\"ImageObject\",\"inLanguage\":\"es\",\"@id\":\"https:\\\/\\\/elinformativotam.com\\\/index.php\\\/2019\\\/12\\\/12\\\/adrian-oseguera-da-banderazo-al-operativo-de-seguridad-decembrino-2019\\\/#primaryimage\",\"url\":\"http:\\\/\\\/elinformativotam.com\\\/wp-content\\\/uploads\\\/2019\\\/12\\\/oseguera-5-300x217.jpg\",\"contentUrl\":\"http:\\\/\\\/elinformativotam.com\\\/wp-content\\\/uploads\\\/2019\\\/12\\\/oseguera-5-300x217.jpg\"},{\"@type\":\"WebSite\",\"@id\":\"https:\\\/\\\/elinformativotam.com\\\/#website\",\"url\":\"https:\\\/\\\/elinformativotam.com\\\/\",\"name\":\"EL INFORMATIVO DE TAMAULIPAS\",\"description\":\"Desde la Zona Metropolitana Para Todo M\u00e9xico\",\"publisher\":{\"@id\":\"https:\\\/\\\/elinformativotam.com\\\/#organization\"},\"potentialAction\":[{\"@type\":\"SearchAction\",\"target\":{\"@type\":\"EntryPoint\",\"urlTemplate\":\"https:\\\/\\\/elinformativotam.com\\\/?s={search_term_string}\"},\"query-input\":{\"@type\":\"PropertyValueSpecification\",\"valueRequired\":true,\"valueName\":\"search_term_string\"}}],\"inLanguage\":\"es\"},{\"@type\":\"Organization\",\"@id\":\"https:\\\/\\\/elinformativotam.com\\\/#organization\",\"name\":\"EL INFORMATIVO DE TAMAULIPAS\",\"url\":\"https:\\\/\\\/elinformativotam.com\\\/\",\"logo\":{\"@type\":\"ImageObject\",\"inLanguage\":\"es\",\"@id\":\"https:\\\/\\\/elinformativotam.com\\\/#\\\/schema\\\/logo\\\/image\\\/\",\"url\":\"https:\\\/\\\/elinformativotam.com\\\/wp-content\\\/uploads\\\/2026\\\/02\\\/Cabezal.png\",\"contentUrl\":\"https:\\\/\\\/elinformativotam.com\\\/wp-content\\\/uploads\\\/2026\\\/02\\\/Cabezal.png\",\"width\":960,\"height\":640,\"caption\":\"EL INFORMATIVO DE TAMAULIPAS\"},\"image\":{\"@id\":\"https:\\\/\\\/elinformativotam.com\\\/#\\\/schema\\\/logo\\\/image\\\/\"}},{\"@type\":\"Person\",\"@id\":\"https:\\\/\\\/elinformativotam.com\\\/#\\\/schema\\\/person\\\/78e08040eed0f6110f0c5f83b6153590\",\"name\":\"El Informativo Tam\",\"image\":{\"@type\":\"ImageObject\",\"inLanguage\":\"es\",\"@id\":\"https:\\\/\\\/secure.gravatar.com\\\/avatar\\\/f3b7ad3af540688955925ac610647be00b0cf41feea9c4978b73a707ee86bc53?s=96&d=mm&r=g\",\"url\":\"https:\\\/\\\/secure.gravatar.com\\\/avatar\\\/f3b7ad3af540688955925ac610647be00b0cf41feea9c4978b73a707ee86bc53?s=96&d=mm&r=g\",\"contentUrl\":\"https:\\\/\\\/secure.gravatar.com\\\/avatar\\\/f3b7ad3af540688955925ac610647be00b0cf41feea9c4978b73a707ee86bc53?s=96&d=mm&r=g\",\"caption\":\"El Informativo Tam\"}}]}<\/script>\n<!-- \/ Yoast SEO plugin. -->","yoast_head_json":{"title":"ADRI\u00c1N OSEGUERA DA BANDERAZO AL \u201cOPERATIVO DE SEGURIDAD DECEMBRINO 2019\u201d - EL INFORMATIVO DE TAMAULIPAS","description":"* A Partir Del 21 De Diciembre La Secretar\u00eda De Marina Implementar\u00e1 La \u201cOperaci\u00f3n Salvavidas Invierno 2019\u201d &nbsp; M\u00e1s de 500 elementos de los tres","robots":{"index":"index","follow":"follow","max-snippet":"max-snippet:-1","max-image-preview":"max-image-preview:large","max-video-preview":"max-video-preview:-1"},"canonical":"https:\/\/elinformativotam.com\/index.php\/2019\/12\/12\/adrian-oseguera-da-banderazo-al-operativo-de-seguridad-decembrino-2019\/","og_locale":"es_MX","og_type":"article","og_title":"ADRI\u00c1N OSEGUERA DA BANDERAZO AL \u201cOPERATIVO DE SEGURIDAD DECEMBRINO 2019\u201d - EL INFORMATIVO DE TAMAULIPAS","og_description":"* A Partir Del 21 De Diciembre La Secretar\u00eda De Marina Implementar\u00e1 La \u201cOperaci\u00f3n Salvavidas Invierno 2019\u201d &nbsp; M\u00e1s de 500 elementos de los tres","og_url":"https:\/\/elinformativotam.com\/index.php\/2019\/12\/12\/adrian-oseguera-da-banderazo-al-operativo-de-seguridad-decembrino-2019\/","og_site_name":"EL INFORMATIVO DE TAMAULIPAS","article_published_time":"2019-12-12T12:52:06+00:00","og_image":[{"url":"http:\/\/elinformativotam.com\/wp-content\/uploads\/2019\/12\/oseguera-5-300x217.jpg","type":"","width":"","height":""}],"author":"El Informativo Tam","twitter_card":"summary_large_image","twitter_misc":{"Escrito por":"El Informativo Tam","Tiempo de lectura":"2 minutos"},"schema":{"@context":"https:\/\/schema.org","@graph":[{"@type":"Article","@id":"https:\/\/elinformativotam.com\/index.php\/2019\/12\/12\/adrian-oseguera-da-banderazo-al-operativo-de-seguridad-decembrino-2019\/#article","isPartOf":{"@id":"https:\/\/elinformativotam.com\/index.php\/2019\/12\/12\/adrian-oseguera-da-banderazo-al-operativo-de-seguridad-decembrino-2019\/"},"author":{"name":"El Informativo Tam","@id":"https:\/\/elinformativotam.com\/#\/schema\/person\/78e08040eed0f6110f0c5f83b6153590"},"headline":"ADRI\u00c1N OSEGUERA DA BANDERAZO AL \u201cOPERATIVO DE SEGURIDAD DECEMBRINO 2019\u201d","datePublished":"2019-12-12T12:52:06+00:00","mainEntityOfPage":{"@id":"https:\/\/elinformativotam.com\/index.php\/2019\/12\/12\/adrian-oseguera-da-banderazo-al-operativo-de-seguridad-decembrino-2019\/"},"wordCount":374,"commentCount":0,"publisher":{"@id":"https:\/\/elinformativotam.com\/#organization"},"image":{"@id":"https:\/\/elinformativotam.com\/index.php\/2019\/12\/12\/adrian-oseguera-da-banderazo-al-operativo-de-seguridad-decembrino-2019\/#primaryimage"},"thumbnailUrl":"http:\/\/elinformativotam.com\/wp-content\/uploads\/2019\/12\/oseguera-5-300x217.jpg","articleSection":["Cd Madero"],"inLanguage":"es","potentialAction":[{"@type":"CommentAction","name":"Comment","target":["https:\/\/elinformativotam.com\/index.php\/2019\/12\/12\/adrian-oseguera-da-banderazo-al-operativo-de-seguridad-decembrino-2019\/#respond"]}]},{"@type":"WebPage","@id":"https:\/\/elinformativotam.com\/index.php\/2019\/12\/12\/adrian-oseguera-da-banderazo-al-operativo-de-seguridad-decembrino-2019\/","url":"https:\/\/elinformativotam.com\/index.php\/2019\/12\/12\/adrian-oseguera-da-banderazo-al-operativo-de-seguridad-decembrino-2019\/","name":"ADRI\u00c1N OSEGUERA DA BANDERAZO AL \u201cOPERATIVO DE SEGURIDAD DECEMBRINO 2019\u201d - EL INFORMATIVO DE TAMAULIPAS","isPartOf":{"@id":"https:\/\/elinformativotam.com\/#website"},"primaryImageOfPage":{"@id":"https:\/\/elinformativotam.com\/index.php\/2019\/12\/12\/adrian-oseguera-da-banderazo-al-operativo-de-seguridad-decembrino-2019\/#primaryimage"},"image":{"@id":"https:\/\/elinformativotam.com\/index.php\/2019\/12\/12\/adrian-oseguera-da-banderazo-al-operativo-de-seguridad-decembrino-2019\/#primaryimage"},"thumbnailUrl":"http:\/\/elinformativotam.com\/wp-content\/uploads\/2019\/12\/oseguera-5-300x217.jpg","datePublished":"2019-12-12T12:52:06+00:00","description":"* A Partir Del 21 De Diciembre La Secretar\u00eda De Marina Implementar\u00e1 La \u201cOperaci\u00f3n Salvavidas Invierno 2019\u201d &nbsp; M\u00e1s de 500 elementos de los tres","inLanguage":"es","potentialAction":[{"@type":"ReadAction","target":["https:\/\/elinformativotam.com\/index.php\/2019\/12\/12\/adrian-oseguera-da-banderazo-al-operativo-de-seguridad-decembrino-2019\/"]}]},{"@type":"ImageObject","inLanguage":"es","@id":"https:\/\/elinformativotam.com\/index.php\/2019\/12\/12\/adrian-oseguera-da-banderazo-al-operativo-de-seguridad-decembrino-2019\/#primaryimage","url":"http:\/\/elinformativotam.com\/wp-content\/uploads\/2019\/12\/oseguera-5-300x217.jpg","contentUrl":"http:\/\/elinformativotam.com\/wp-content\/uploads\/2019\/12\/oseguera-5-300x217.jpg"},{"@type":"WebSite","@id":"https:\/\/elinformativotam.com\/#website","url":"https:\/\/elinformativotam.com\/","name":"EL INFORMATIVO DE TAMAULIPAS","description":"Desde la Zona Metropolitana Para Todo M\u00e9xico","publisher":{"@id":"https:\/\/elinformativotam.com\/#organization"},"potentialAction":[{"@type":"SearchAction","target":{"@type":"EntryPoint","urlTemplate":"https:\/\/elinformativotam.com\/?s={search_term_string}"},"query-input":{"@type":"PropertyValueSpecification","valueRequired":true,"valueName":"search_term_string"}}],"inLanguage":"es"},{"@type":"Organization","@id":"https:\/\/elinformativotam.com\/#organization","name":"EL INFORMATIVO DE TAMAULIPAS","url":"https:\/\/elinformativotam.com\/","logo":{"@type":"ImageObject","inLanguage":"es","@id":"https:\/\/elinformativotam.com\/#\/schema\/logo\/image\/","url":"https:\/\/elinformativotam.com\/wp-content\/uploads\/2026\/02\/Cabezal.png","contentUrl":"https:\/\/elinformativotam.com\/wp-content\/uploads\/2026\/02\/Cabezal.png","width":960,"height":640,"caption":"EL INFORMATIVO DE TAMAULIPAS"},"image":{"@id":"https:\/\/elinformativotam.com\/#\/schema\/logo\/image\/"}},{"@type":"Person","@id":"https:\/\/elinformativotam.com\/#\/schema\/person\/78e08040eed0f6110f0c5f83b6153590","name":"El Informativo Tam","image":{"@type":"ImageObject","inLanguage":"es","@id":"https:\/\/secure.gravatar.com\/avatar\/f3b7ad3af540688955925ac610647be00b0cf41feea9c4978b73a707ee86bc53?s=96&d=mm&r=g","url":"https:\/\/secure.gravatar.com\/avatar\/f3b7ad3af540688955925ac610647be00b0cf41feea9c4978b73a707ee86bc53?s=96&d=mm&r=g","contentUrl":"https:\/\/secure.gravatar.com\/avatar\/f3b7ad3af540688955925ac610647be00b0cf41feea9c4978b73a707ee86bc53?s=96&d=mm&r=g","caption":"El Informativo Tam"}}]}},"_links":{"self":[{"href":"https:\/\/elinformativotam.com\/index.php\/wp-json\/wp\/v2\/posts\/1032","targetHints":{"allow":["GET"]}}],"collection":[{"href":"https:\/\/elinformativotam.com\/index.php\/wp-json\/wp\/v2\/posts"}],"about":[{"href":"https:\/\/elinformativotam.com\/index.php\/wp-json\/wp\/v2\/types\/post"}],"author":[{"embeddable":true,"href":"https:\/\/elinformativotam.com\/index.php\/wp-json\/wp\/v2\/users\/1"}],"replies":[{"embeddable":true,"href":"https:\/\/elinformativotam.com\/index.php\/wp-json\/wp\/v2\/comments?post=1032"}],"version-history":[{"count":0,"href":"https:\/\/elinformativotam.com\/index.php\/wp-json\/wp\/v2\/posts\/1032\/revisions"}],"wp:attachment":[{"href":"https:\/\/elinformativotam.com\/index.php\/wp-json\/wp\/v2\/media?parent=1032"}],"wp:term":[{"taxonomy":"category","embeddable":true,"href":"https:\/\/elinformativotam.com\/index.php\/wp-json\/wp\/v2\/categories?post=1032"},{"taxonomy":"post_tag","embeddable":true,"href":"https:\/\/elinformativotam.com\/index.php\/wp-json\/wp\/v2\/tags?post=1032"}],"curies":[{"name":"wp","href":"https:\/\/api.w.org\/{rel}","templated":true}]}}